{"id":10019,"date":"2011-01-11T12:00:49","date_gmt":"2011-01-11T11:00:49","guid":{"rendered":"https:\/\/blog.bellostes.com\/?p=10019"},"modified":"2016-03-29T20:21:31","modified_gmt":"2016-03-29T18:21:31","slug":"deploye-textil-desing-miami-temporary-pavilion","status":"publish","type":"post","link":"https:\/\/blog.bellostes.com\/?p=10019","title":{"rendered":"deploy\u00e9 textil &#8211; desing miami, temporary pavilion"},"content":{"rendered":"<p><a href=\"https:\/\/blog.bellostes.com\/?attachment_id=10158\" rel=\"attachment wp-att-10158\"><img loading=\"lazy\" decoding=\"async\" class=\"alignnone size-full wp-image-10158\" title=\"Desing Miami temporary pavilion\" src=\"https:\/\/blog.bellostes.com\/media\/Desing-Miami-temporary-pavilion.png\" alt=\"\" width=\"675\" height=\"197\" srcset=\"https:\/\/blog.bellostes.com\/media\/Desing-Miami-temporary-pavilion.png 675w, https:\/\/blog.bellostes.com\/media\/Desing-Miami-temporary-pavilion-330x96.png 330w\" sizes=\"auto, (max-width: 675px) 100vw, 675px\" \/><\/a><\/p>\n<p>Desing Miami temporary pavilion, Miami &#8211; United States (2010). Arquitectura, Moorhead &amp; Moorhead. Fotograf\u00edas, <a href=\"http:\/\/stavphoto.com\/\">Michael Stavaridis<\/a>.<\/p>\n<p>El proyecto resuelve la adaptaci\u00f3n de una carpa convencional para ser utilizada como vest\u00edbulo y \u00e1rea de descanso de la muestra \u00ab<a href=\"http:\/\/designmiamiblog.com\/\">Desing Miami<\/a>\u00ab.<\/p>\n<p><a href=\"https:\/\/blog.bellostes.com\/?attachment_id=10159\" rel=\"attachment wp-att-10159\"><img loading=\"lazy\" decoding=\"async\" class=\"alignnone size-full wp-image-10159\" title=\"Desing Miami temporary pavilion 01\" src=\"https:\/\/blog.bellostes.com\/media\/Desing-Miami-temporary-pavilion-01.png\" alt=\"\" width=\"675\" height=\"193\" srcset=\"https:\/\/blog.bellostes.com\/media\/Desing-Miami-temporary-pavilion-01.png 675w, https:\/\/blog.bellostes.com\/media\/Desing-Miami-temporary-pavilion-01-330x94.png 330w\" sizes=\"auto, (max-width: 675px) 100vw, 675px\" \/><\/a><\/p>\n<p>La intervenci\u00f3n act\u00faa en las laminas de vinilo blanco, sobre las que se ha cortado un patr\u00f3n de l\u00edneas paraleles (<a href=\"http:\/\/www.archdaily.com\/96885\/temporary-structure-on-miami-beach-moorhead-moorhead\/ls-lgld19share01_projectsactive-projects1002dm_design-miam-2\/\">ver plano<\/a>) formado las tiras que posteriormente se han plegado y remachado, construyendo as\u00ed una celos\u00eda tipo \u00abdeploy\u00e9\u00bb.<\/p>\n<p>+ <a href=\"http:\/\/www.moorheadandmoorhead.com\/www\/03_dm_1.html\">Desing Miami temporary pavilion &#8211; Moorhead &amp; Moorhead<\/a> (descripci\u00f3n y fotograf\u00edas)<br \/>\n+ <a href=\"http:\/\/www.archdaily.com\/96885\/temporary-structure-on-miami-beach-moorhead-moorhead\/\">Desing Miami temporary pavilion &#8211; ArchDaily<\/a> (art\u00edculo de texto con fotograf\u00edas y planos)<br \/>\n+ <a href=\"http:\/\/blog.archpaper.com\/wordpress\/archives\/10644\">Desing Miami temporary pavilion &#8211; The architect&#8217;s news paper blog<\/a> (art\u00edculo de texto con fotograf\u00edas)<br \/>\n+ <a href=\"http:\/\/premierguidemiami.com\/moorhead-moorhead%E2%80%99s-facade-design-embraces-the-essence-of-the-tent-while-interior-redesigned-by-arandalasch-dispenses-with-traditional-trade-show-grid-for-design-miami\/\">Desing Miami temporary pavilion \u2013 Premier Guide Miami<\/a> (art\u00edculo de texto con ilustraciones)<\/p>\n","protected":false},"excerpt":{"rendered":"<p>Desing Miami temporary pavilion, Miami &#8211; United States (2010). Arquitectura, Moorhead &amp; Moorhead. Fotograf\u00edas, Michael Stavaridis. El proyecto resuelve la adaptaci\u00f3n de una carpa convencional para ser utilizada como vest\u00edbulo y \u00e1rea de descanso de la muestra \u00abDesing Miami\u00ab. La &hellip; <a href=\"https:\/\/blog.bellostes.com\/?p=10019\">Continua leyendo <span class=\"meta-nav\">&raquo;<\/span><\/a><\/p>\n","protected":false},"author":1,"featured_media":0,"comment_status":"open","ping_status":"open","sticky":false,"template":"","format":"standard","meta":{"footnotes":""},"categories":[7,20,59,60,24,126],"tags":[93],"class_list":["post-10019","post","type-post","status-publish","format-standard","hentry","category-arquitects","category-arquitectura-efimera","category-arquitectura-textil","category-arquitectura-y-plastico","category-exposiciones","category-sitemas-constructivos-celosias","tag-pabellones-temporales"],"_links":{"self":[{"href":"https:\/\/blog.bellostes.com\/index.php?rest_route=\/wp\/v2\/posts\/10019","targetHints":{"allow":["GET"]}}],"collection":[{"href":"https:\/\/blog.bellostes.com\/index.php?rest_route=\/wp\/v2\/posts"}],"about":[{"href":"https:\/\/blog.bellostes.com\/index.php?rest_route=\/wp\/v2\/types\/post"}],"author":[{"embeddable":true,"href":"https:\/\/blog.bellostes.com\/index.php?rest_route=\/wp\/v2\/users\/1"}],"replies":[{"embeddable":true,"href":"https:\/\/blog.bellostes.com\/index.php?rest_route=%2Fwp%2Fv2%2Fcomments&post=10019"}],"version-history":[{"count":37,"href":"https:\/\/blog.bellostes.com\/index.php?rest_route=\/wp\/v2\/posts\/10019\/revisions"}],"predecessor-version":[{"id":29851,"href":"https:\/\/blog.bellostes.com\/index.php?rest_route=\/wp\/v2\/posts\/10019\/revisions\/29851"}],"wp:attachment":[{"href":"https:\/\/blog.bellostes.com\/index.php?rest_route=%2Fwp%2Fv2%2Fmedia&parent=10019"}],"wp:term":[{"taxonomy":"category","embeddable":true,"href":"https:\/\/blog.bellostes.com\/index.php?rest_route=%2Fwp%2Fv2%2Fcategories&post=10019"},{"taxonomy":"post_tag","embeddable":true,"href":"https:\/\/blog.bellostes.com\/index.php?rest_route=%2Fwp%2Fv2%2Ftags&post=10019"}],"curies":[{"name":"wp","href":"https:\/\/api.w.org\/{rel}","templated":true}]}}