{"id":10768,"date":"2011-01-28T16:02:30","date_gmt":"2011-01-28T15:02:30","guid":{"rendered":"https:\/\/blog.bellostes.com\/?p=10768"},"modified":"2016-02-24T18:43:57","modified_gmt":"2016-02-24T17:43:57","slug":"conexion-espacial-media-island-wifi-pavilion","status":"publish","type":"post","link":"https:\/\/blog.bellostes.com\/?p=10768","title":{"rendered":"conexi\u00f3n espacial &#8211; media island wifi pavilion"},"content":{"rendered":"<p><a href=\"https:\/\/blog.bellostes.com\/?attachment_id=11101\" rel=\"attachment wp-att-11101\"><img loading=\"lazy\" decoding=\"async\" class=\"alignnone size-full wp-image-11101\" title=\"Media Island Wifi Pavilion\" src=\"https:\/\/blog.bellostes.com\/media\/Media-Island-Wifi-Pavilion.png\" alt=\"\" width=\"674\" height=\"200\" srcset=\"https:\/\/blog.bellostes.com\/media\/Media-Island-Wifi-Pavilion.png 674w, https:\/\/blog.bellostes.com\/media\/Media-Island-Wifi-Pavilion-330x97.png 330w\" sizes=\"auto, (max-width: 674px) 100vw, 674px\" \/><\/a><\/p>\n<p>Media Island Wifi Pavilion (Campus de la Universidad Miguel Hernandez) Elche &#8211; Sp (2007). Arquitectura, Moho arquitectos en colaboraci\u00f3n con Carlos Abad\u00eda S\u00e1nchez . Fotograf\u00edas, <a href=\"http:\/\/davidfrutos.com\/\">David Frutos<\/a>.<\/p>\n<p>Anclado en un mar de grava blanca el pabell\u00f3n concentra el \u00e1rea wifi del campus universitario Miguel Hernandez de Elche.<\/p>\n<p><a href=\"https:\/\/blog.bellostes.com\/?attachment_id=11102\" rel=\"attachment wp-att-11102\"><img loading=\"lazy\" decoding=\"async\" class=\"alignnone size-full wp-image-11102\" title=\"Media Island Wifi Pavilion 02\" src=\"https:\/\/blog.bellostes.com\/media\/Media-Island-Wifi-Pavilion-02.png\" alt=\"\" width=\"675\" height=\"199\" srcset=\"https:\/\/blog.bellostes.com\/media\/Media-Island-Wifi-Pavilion-02.png 675w, https:\/\/blog.bellostes.com\/media\/Media-Island-Wifi-Pavilion-02-330x97.png 330w\" sizes=\"auto, (max-width: 675px) 100vw, 675px\" \/><\/a><\/p>\n<p>El equipamiento funciona como nodo de conexi\u00f3n abierto a la \u00abredsfera\u00bb, un archipi\u00e9lago (real y virtual) de piezas que se organizan en torno a un patio central, destinado al encuentro, el intercambio, la consulta, el estudio &#8230;<\/p>\n<p><a href=\"https:\/\/blog.bellostes.com\/?attachment_id=11107\" rel=\"attachment wp-att-11107\"><img loading=\"lazy\" decoding=\"async\" class=\"alignnone size-full wp-image-11107\" title=\"Media Island Wifi Pavilion 03\" src=\"https:\/\/blog.bellostes.com\/media\/Media-Island-Wifi-Pavilion-03.png\" alt=\"\" width=\"675\" height=\"181\" srcset=\"https:\/\/blog.bellostes.com\/media\/Media-Island-Wifi-Pavilion-03.png 675w, https:\/\/blog.bellostes.com\/media\/Media-Island-Wifi-Pavilion-03-330x88.png 330w\" sizes=\"auto, (max-width: 675px) 100vw, 675px\" \/><\/a><\/p>\n<p>De la misma manera que v\u00eda \u00abwifi\u00bb el lugar esta conectado con la red, la configuraci\u00f3n volum\u00e9trica del edificio conecta el espacio exterior con el interior, subrayando una voluntad de permeabilidad a la luz y al aire en el plano ambiental, a las nuevas tecnolog\u00edas en el plano de los recursos o a las nuevas ideas en el plano de conocimiento.<\/p>\n<p>M\u00e1s informaci\u00f3n:<\/p>\n<p>+ <a href=\"http:\/\/www.mohoweb.com\/index.php?option=com_jootags&amp;tag=EQUIPAMIENTO&amp;lang=es&amp;limitstart=6\">Media Island Wifi Pavilion &#8211; Moho arquitectos<\/a> (descripci\u00f3n con planos, maqueta y fotograf\u00edas)<br \/>\n+ <a href=\"http:\/\/davidfrutos.com\/isla-informatica\/\">Media Island Wifi Pavilion &#8211; David Frutos<\/a> (reportaje de fotograf\u00edas)<\/p>\n","protected":false},"excerpt":{"rendered":"<p>Media Island Wifi Pavilion (Campus de la Universidad Miguel Hernandez) Elche &#8211; Sp (2007). Arquitectura, Moho arquitectos en colaboraci\u00f3n con Carlos Abad\u00eda S\u00e1nchez . Fotograf\u00edas, David Frutos. Anclado en un mar de grava blanca el pabell\u00f3n concentra el \u00e1rea wifi &hellip; <a href=\"https:\/\/blog.bellostes.com\/?p=10768\">Continua leyendo <span class=\"meta-nav\">&raquo;<\/span><\/a><\/p>\n","protected":false},"author":1,"featured_media":0,"comment_status":"open","ping_status":"open","sticky":false,"template":"","format":"standard","meta":{"footnotes":""},"categories":[7,123,33,34],"tags":[83],"class_list":["post-10768","post","type-post","status-publish","format-standard","hentry","category-arquitects","category-arquitectura-y-acero","category-proyectos-equipamientos-educativos","category-proyectos-micro-equipamientos","tag-pabellones"],"_links":{"self":[{"href":"https:\/\/blog.bellostes.com\/index.php?rest_route=\/wp\/v2\/posts\/10768","targetHints":{"allow":["GET"]}}],"collection":[{"href":"https:\/\/blog.bellostes.com\/index.php?rest_route=\/wp\/v2\/posts"}],"about":[{"href":"https:\/\/blog.bellostes.com\/index.php?rest_route=\/wp\/v2\/types\/post"}],"author":[{"embeddable":true,"href":"https:\/\/blog.bellostes.com\/index.php?rest_route=\/wp\/v2\/users\/1"}],"replies":[{"embeddable":true,"href":"https:\/\/blog.bellostes.com\/index.php?rest_route=%2Fwp%2Fv2%2Fcomments&post=10768"}],"version-history":[{"count":37,"href":"https:\/\/blog.bellostes.com\/index.php?rest_route=\/wp\/v2\/posts\/10768\/revisions"}],"predecessor-version":[{"id":29328,"href":"https:\/\/blog.bellostes.com\/index.php?rest_route=\/wp\/v2\/posts\/10768\/revisions\/29328"}],"wp:attachment":[{"href":"https:\/\/blog.bellostes.com\/index.php?rest_route=%2Fwp%2Fv2%2Fmedia&parent=10768"}],"wp:term":[{"taxonomy":"category","embeddable":true,"href":"https:\/\/blog.bellostes.com\/index.php?rest_route=%2Fwp%2Fv2%2Fcategories&post=10768"},{"taxonomy":"post_tag","embeddable":true,"href":"https:\/\/blog.bellostes.com\/index.php?rest_route=%2Fwp%2Fv2%2Ftags&post=10768"}],"curies":[{"name":"wp","href":"https:\/\/api.w.org\/{rel}","templated":true}]}}