{"id":1129,"date":"2008-06-11T04:39:32","date_gmt":"2008-06-11T09:39:32","guid":{"rendered":"https:\/\/blog.bellostes.com\/?p=1129"},"modified":"2016-04-10T13:35:27","modified_gmt":"2016-04-10T11:35:27","slug":"la-arruga-es-bella-walker-art-center","status":"publish","type":"post","link":"https:\/\/blog.bellostes.com\/?p=1129","title":{"rendered":"la arruga es bella &#8211; walker art center"},"content":{"rendered":"<p><a href=\"https:\/\/blog.bellostes.com\/media\/walker-art-center.png\"><img loading=\"lazy\" decoding=\"async\" width=\"675\" height=\"160\" class=\"alignnone size-full wp-image-1157\" title=\"walker-art-center\" src=\"https:\/\/blog.bellostes.com\/media\/walker-art-center.png\" alt=\"\" srcset=\"https:\/\/blog.bellostes.com\/media\/walker-art-center.png 675w, https:\/\/blog.bellostes.com\/media\/walker-art-center-330x78.png 330w\" sizes=\"auto, (max-width: 675px) 100vw, 675px\" \/><\/a><\/p>\n<p>Walker Art Center, Minneapolis &#8211; United States (2005). Arquitectura, Herzog &amp; de Meuron, en colaboraci\u00f3n con <a href=\"green and abrahamson, inc. (hga)\">hammel, green and abrahamson<\/a> (hga) . Fotograf\u00edas, <a href=\"http:\/\/www.rolandhalbe.de\/\">Roland Halbe<\/a>.<\/p>\n<p><a href=\"https:\/\/blog.bellostes.com\/media\/walker-art-center-2.png\"><img loading=\"lazy\" decoding=\"async\" width=\"675\" height=\"178\" class=\"alignnone size-full wp-image-1159\" title=\"walker-art-center-2\" src=\"https:\/\/blog.bellostes.com\/media\/walker-art-center-2.png\" alt=\"\" srcset=\"https:\/\/blog.bellostes.com\/media\/walker-art-center-2.png 675w, https:\/\/blog.bellostes.com\/media\/walker-art-center-2-330x87.png 330w\" sizes=\"auto, (max-width: 675px) 100vw, 675px\" \/><\/a><\/p>\n<p>El proyecto ha consistido en la ampliaci\u00f3n y renovaci\u00f3n del \u00abWalker Art Center\u00bb con la finalidad de adecuar las instalaciones a los nuevos usos y condicionantes t\u00e9cnicos, as\u00ed como potenciar la oferta cultural del museo tanto desde un punto de vista del visitante como del funcionamiento interno de la entidad.<\/p>\n<p>El revestimiento exterior de la pieza central, esta construido mediante placas cuadradas colocadas a junta continua, de aluminio estirado (deploy\u00e9) anodizado gris plata, con la superficie moldeada formando un relieve de pliegues, arrugas, como las de un papel arrugado por error, que se ha rescatado posteriormente y alisado con mucho cuidado.<\/p>\n<p>Para entender como se ha resuelto el revestimiento, pod\u00e9is visitar el reportaje de fotograf\u00edas (con fotos de detalles), en esta <a href=\"http:\/\/picasaweb.google.es\/Imarperf\/WalkerArtsCenter\">galer\u00eda de fotograf\u00edas<\/a> publicada por la empresa \u00ab<a href=\"http:\/\/www.imarsa.com\/\">Imar s.a<\/a>\u00ab.<\/p>\n<p>M\u00e1s informaci\u00f3n:<\/p>\n<p>+ <a href=\"https:\/\/www.herzogdemeuron.com\/index\/projects\/complete-works\/151-175\/175-walker-art-center-expansion.html\">Walker Art Center &#8211; Herzog &amp; de Meuron<\/a> (descripci\u00f3n con fotograf\u00edas)<br \/>\n+ <a href=\"http:\/\/www.domusweb.it\/en\/architecture\/2005\/05\/11\/herzog--de-meuron-the-walker-art-center.html\">Walker Art Center &#8211; Domusweb<\/a> (art\u00edculo con texto con fotograf\u00edas)<br \/>\n+ <a href=\"http:\/\/www.ducciomalagamba.es\/proyectos.php?IdProyecto=340&amp;Idioma=Cs\">Walker Art Center &#8211; Duccio Malagamba<\/a> (reportaje de fotograf\u00edas)<br \/>\n+ <a href=\"http:\/\/www.jasonstrongphotography.com\/Walker-Art-Center\">Walker Art Center &#8211; Jason Strong Photography<\/a> (reportaje de fotograf\u00edas)<\/p>\n<p>+ <a href=\"http:\/\/expansion.walkerart.org\/\">Walker Art Center &#8211; expansion.walkerart.org<\/a> (la web del museo)<\/p>\n","protected":false},"excerpt":{"rendered":"<p>Walker Art Center, Minneapolis &#8211; United States (2005). Arquitectura, Herzog &amp; de Meuron, en colaboraci\u00f3n con hammel, green and abrahamson (hga) . Fotograf\u00edas, Roland Halbe. El proyecto ha consistido en la ampliaci\u00f3n y renovaci\u00f3n del \u00abWalker Art Center\u00bb con la &hellip; <a href=\"https:\/\/blog.bellostes.com\/?p=1129\">Continua leyendo <span class=\"meta-nav\">&raquo;<\/span><\/a><\/p>\n","protected":false},"author":1,"featured_media":0,"comment_status":"open","ping_status":"open","sticky":false,"template":"","format":"standard","meta":{"footnotes":""},"categories":[7,49,37,173],"tags":[70],"class_list":["post-1129","post","type-post","status-publish","format-standard","hentry","category-arquitects","category-arquitectura-y-aluminio","category-proyectos-espacios-culturales","category-sistemas-constructivos-deploye","tag-centros-de-arte"],"_links":{"self":[{"href":"https:\/\/blog.bellostes.com\/index.php?rest_route=\/wp\/v2\/posts\/1129","targetHints":{"allow":["GET"]}}],"collection":[{"href":"https:\/\/blog.bellostes.com\/index.php?rest_route=\/wp\/v2\/posts"}],"about":[{"href":"https:\/\/blog.bellostes.com\/index.php?rest_route=\/wp\/v2\/types\/post"}],"author":[{"embeddable":true,"href":"https:\/\/blog.bellostes.com\/index.php?rest_route=\/wp\/v2\/users\/1"}],"replies":[{"embeddable":true,"href":"https:\/\/blog.bellostes.com\/index.php?rest_route=%2Fwp%2Fv2%2Fcomments&post=1129"}],"version-history":[{"count":5,"href":"https:\/\/blog.bellostes.com\/index.php?rest_route=\/wp\/v2\/posts\/1129\/revisions"}],"predecessor-version":[{"id":29958,"href":"https:\/\/blog.bellostes.com\/index.php?rest_route=\/wp\/v2\/posts\/1129\/revisions\/29958"}],"wp:attachment":[{"href":"https:\/\/blog.bellostes.com\/index.php?rest_route=%2Fwp%2Fv2%2Fmedia&parent=1129"}],"wp:term":[{"taxonomy":"category","embeddable":true,"href":"https:\/\/blog.bellostes.com\/index.php?rest_route=%2Fwp%2Fv2%2Fcategories&post=1129"},{"taxonomy":"post_tag","embeddable":true,"href":"https:\/\/blog.bellostes.com\/index.php?rest_route=%2Fwp%2Fv2%2Ftags&post=1129"}],"curies":[{"name":"wp","href":"https:\/\/api.w.org\/{rel}","templated":true}]}}