{"id":13136,"date":"2011-03-25T13:26:45","date_gmt":"2011-03-25T12:26:45","guid":{"rendered":"https:\/\/blog.bellostes.com\/?p=13136"},"modified":"2011-04-18T17:55:39","modified_gmt":"2011-04-18T15:55:39","slug":"muro-vegetal-vegetal-wall-san-telmo-museum-extension","status":"publish","type":"post","link":"https:\/\/blog.bellostes.com\/?p=13136","title":{"rendered":"muro vegetal &#8211; vegetal wall, san telmo museum extension"},"content":{"rendered":"<p><a rel=\"attachment wp-att-13594\" href=\"https:\/\/blog.bellostes.com\/?attachment_id=13594\"><img loading=\"lazy\" decoding=\"async\" class=\"alignnone size-full wp-image-13594\" title=\"vegetal wall, san telmo museum extension 01\" src=\"https:\/\/blog.bellostes.com\/media\/vegetal-wall-san-telmo-museum-extension-01.png\" alt=\"\" width=\"675\" height=\"198\" srcset=\"https:\/\/blog.bellostes.com\/media\/vegetal-wall-san-telmo-museum-extension-01.png 675w, https:\/\/blog.bellostes.com\/media\/vegetal-wall-san-telmo-museum-extension-01-330x96.png 330w\" sizes=\"auto, (max-width: 675px) 100vw, 675px\" \/><\/a><br \/>\nVegetal wall, San Telmo Museum Extension, Donostia &#8211; Sp (2011). Arquitectura, Fuensanta Nieto y Enrique Sobejano \u00ab<a href=\"http:\/\/www.nietosobejano.com\/\">Nieto Sobejano Arquitectos<\/a>\u00bb en colaboraci\u00f3n con Leopoldo Ferr\u00e1n y Agustina Otero. Fotograf\u00edas, studiobanana.tv (arriba), museosantelmo.com (abajo).<\/p>\n<p>El proyecto resuelve la ampliaci\u00f3n del \u00ab<a href=\"http:\/\/www.museosantelmo.com\/\">Museo de San Telmo<\/a>\u00bb definida como un entorno de transici\u00f3n, espaciado en el margen de lo urbano y lo natural, por lo que la intervenci\u00f3n se extiende, a la vez que conecta, la plaza de Zuloaga con los accesos al Monte Urgull.<\/p>\n<p>Es esta posici\u00f3n explicita de limite,\u00a0 la que concentra y sit\u00faa la  tensi\u00f3n conceptual y material en el plano de intersecci\u00f3n, que es a su  vez el plano de fachada del nuevo edificio, tensi\u00f3n a la que se  responde con una estrategia de continuidad, asimilando el contexto  natural en el artificial, mediante un c\u00f3digo de semejanzas entre: los huecos  de la roca, las perforaciones del metal y las especies  vegetales que los habitan.<\/p>\n<p><a rel=\"attachment wp-att-13595\" href=\"https:\/\/blog.bellostes.com\/?attachment_id=13595\"><img loading=\"lazy\" decoding=\"async\" class=\"alignnone size-full wp-image-13595\" title=\"vegetal wall, san telmo museum extension\" src=\"https:\/\/blog.bellostes.com\/media\/vegetal-wall-san-telmo-museum-extension.png\" alt=\"\" width=\"675\" height=\"178\" srcset=\"https:\/\/blog.bellostes.com\/media\/vegetal-wall-san-telmo-museum-extension.png 675w, https:\/\/blog.bellostes.com\/media\/vegetal-wall-san-telmo-museum-extension-330x87.png 330w\" sizes=\"auto, (max-width: 675px) 100vw, 675px\" \/><\/a><\/p>\n<p>El acabado exterior de la fachada se resuelve con paneles de aluminio fundido, de 8mm de grosor, perforado siguiendo un patr\u00f3n que por combinatoria permite que con un numero reducido de moldes diferentes se articule una composici\u00f3n aparentemente aleatoria, pero ordenada en funci\u00f3n del grado de porosidad necesario para la iluminaci\u00f3n natural de los espacios interiores y la iluminaci\u00f3n nocturna de los espacios exteriores.<\/p>\n<p>Un sistema de riego controlado instalado en la cara interior del revestimiento, permitir\u00e1 el crecimiento de los musgos y l\u00edquenes que completaran y matizaran el acabado superficial de las fachadas.<\/p>\n<p>M\u00e1s informaci\u00f3n:<\/p>\n<p>+ <a href=\"http:\/\/studiobanana.tv\/2011\/03\/14\/san-telmo-museum-extension-san-sebastian-nieto-sobejano\/\">San Telmo Museum Extension &#8211; studio banana<\/a> (descripci\u00f3n y v\u00eddeo entrevista)<br \/>\n+ <a href=\"http:\/\/www.museosantelmo.com\/blog\/proyecto-de-renovacion\/\">San Telmo Museum Extension &#8211; Museo San Telmo<\/a> (seguimiento de las obras en el blog del museo)<br \/>\n+ <a href=\"http:\/\/www.museosantelmo.es\/upload\/convocatorias\/\/Dossier%20Prensa_Fachadas%20San%20Telmo%20Nieto%20Sobejano-portadarekin.pdf\">San Telmo Museum Extension &#8211; Museo San Telmo<\/a> (dossier de prensa, en formato pdf)<br \/>\n+ <a href=\"http:\/\/www.proiek.com\/es\/arquitectura\/proceso-santelmo.html\">San Telmo Museum Extension &#8211; proiek<\/a> (descripci\u00f3n con fotograf\u00eda e ilustraciones del acabado de la fachada)<br \/>\n+ <a href=\"http:\/\/www.flickr.com\/search\/?w=all&amp;q=%22san+telmo%22+%22nieto+Sobejano%22&amp;m=text#page=0\">San Telmo Museum Extension &#8211; Flickr<\/a> (reportajes de fotograf\u00edas, varios autores)<br \/>\n+ <a href=\"http:\/\/www.fernandoalda.com\/index.php?Opc=105&amp;Lng=1&amp;Par1=580\">San Telmo Museum Extension &#8211; Fernando Alda<\/a> (reportaje de fotograf\u00edas)<\/p>\n","protected":false},"excerpt":{"rendered":"<p>Vegetal wall, San Telmo Museum Extension, Donostia &#8211; Sp (2011). Arquitectura, Fuensanta Nieto y Enrique Sobejano \u00abNieto Sobejano Arquitectos\u00bb en colaboraci\u00f3n con Leopoldo Ferr\u00e1n y Agustina Otero. Fotograf\u00edas, studiobanana.tv (arriba), museosantelmo.com (abajo). El proyecto resuelve la ampliaci\u00f3n del \u00abMuseo de &hellip; <a href=\"https:\/\/blog.bellostes.com\/?p=13136\">Continua leyendo <span class=\"meta-nav\">&raquo;<\/span><\/a><\/p>\n","protected":false},"author":1,"featured_media":0,"comment_status":"open","ping_status":"open","sticky":false,"template":"","format":"standard","meta":{"footnotes":""},"categories":[7,49,29,51,26,37,134,126],"tags":[69],"class_list":["post-13136","post","type-post","status-publish","format-standard","hentry","category-arquitects","category-arquitectura-y-aluminio","category-arquitectura-y-espacio-publico","category-arquitectura-y-metal-perforado","category-arte","category-proyectos-espacios-culturales","category-sistemas-constructivos-fachadas","category-sitemas-constructivos-celosias","tag-museos"],"_links":{"self":[{"href":"https:\/\/blog.bellostes.com\/index.php?rest_route=\/wp\/v2\/posts\/13136","targetHints":{"allow":["GET"]}}],"collection":[{"href":"https:\/\/blog.bellostes.com\/index.php?rest_route=\/wp\/v2\/posts"}],"about":[{"href":"https:\/\/blog.bellostes.com\/index.php?rest_route=\/wp\/v2\/types\/post"}],"author":[{"embeddable":true,"href":"https:\/\/blog.bellostes.com\/index.php?rest_route=\/wp\/v2\/users\/1"}],"replies":[{"embeddable":true,"href":"https:\/\/blog.bellostes.com\/index.php?rest_route=%2Fwp%2Fv2%2Fcomments&post=13136"}],"version-history":[{"count":40,"href":"https:\/\/blog.bellostes.com\/index.php?rest_route=\/wp\/v2\/posts\/13136\/revisions"}],"predecessor-version":[{"id":13623,"href":"https:\/\/blog.bellostes.com\/index.php?rest_route=\/wp\/v2\/posts\/13136\/revisions\/13623"}],"wp:attachment":[{"href":"https:\/\/blog.bellostes.com\/index.php?rest_route=%2Fwp%2Fv2%2Fmedia&parent=13136"}],"wp:term":[{"taxonomy":"category","embeddable":true,"href":"https:\/\/blog.bellostes.com\/index.php?rest_route=%2Fwp%2Fv2%2Fcategories&post=13136"},{"taxonomy":"post_tag","embeddable":true,"href":"https:\/\/blog.bellostes.com\/index.php?rest_route=%2Fwp%2Fv2%2Ftags&post=13136"}],"curies":[{"name":"wp","href":"https:\/\/api.w.org\/{rel}","templated":true}]}}