{"id":1323,"date":"2008-07-23T05:50:50","date_gmt":"2008-07-23T10:50:50","guid":{"rendered":"https:\/\/blog.bellostes.com\/?p=1323"},"modified":"2010-06-29T04:20:38","modified_gmt":"2010-06-29T09:20:38","slug":"de-hiedra-y-metal-gymnastics-pavilion-in-el-retiro-park","status":"publish","type":"post","link":"https:\/\/blog.bellostes.com\/?p=1323","title":{"rendered":"de hiedra y metal &#8211; gymnastics pavilion in \u00abel retiro\u00bb park"},"content":{"rendered":"<p><a href=\"https:\/\/blog.bellostes.com\/media\/pabellon-de-gimnasia-el-retiro.png\"><img loading=\"lazy\" decoding=\"async\" width=\"675\" height=\"189\" class=\"alignnone size-full wp-image-1348\" title=\"pabellon-de-gimnasia-el-retiro\" src=\"https:\/\/blog.bellostes.com\/media\/pabellon-de-gimnasia-el-retiro.png\" alt=\"\" srcset=\"https:\/\/blog.bellostes.com\/media\/pabellon-de-gimnasia-el-retiro.png 675w, https:\/\/blog.bellostes.com\/media\/pabellon-de-gimnasia-el-retiro-330x92.png 330w\" sizes=\"auto, (max-width: 675px) 100vw, 675px\" \/><\/a><\/p>\n<p>Pabell\u00f3n  de Gimnasia  en el Parque  de el  Retiro \/ gymnastics pavilion in \u00abel retiro\u00bb park , Madrid &#8211; Sp (2003). Arquitectura, \u00c1balos &amp; Herreros arquitectos. Fotograf\u00edas, abalos-herreros.com (arriba \/ <a href=\"http:\/\/www.abalos-herreros.com\/05p.htm\">ver reportaje de fotograf\u00edas<\/a>) y Pieter Rolies (abajo).<\/p>\n<p>El pabell\u00f3n acoge un gimnasio cubierto a doble altura (planta s\u00f3tano y baja) y una pista de tenis o gimnasio al aire libre, en la cubierta.<\/p>\n<p><a href=\"https:\/\/blog.bellostes.com\/media\/pabellon-de-gimnasia-el-retiro-3.png\"><img loading=\"lazy\" decoding=\"async\" width=\"674\" height=\"195\" class=\"alignnone size-full wp-image-1350\" title=\"pabellon-de-gimnasia-el-retiro-3\" src=\"https:\/\/blog.bellostes.com\/media\/pabellon-de-gimnasia-el-retiro-3.png\" alt=\"\" srcset=\"https:\/\/blog.bellostes.com\/media\/pabellon-de-gimnasia-el-retiro-3.png 674w, https:\/\/blog.bellostes.com\/media\/pabellon-de-gimnasia-el-retiro-3-330x95.png 330w\" sizes=\"auto, (max-width: 674px) 100vw, 674px\" \/><\/a><\/p>\n<p>Con el objetivo de integrar el volumen construido en el parque, la envolvente exterior se ha resuelto con malla met\u00e1lica de acero inoxidable \u00ab<a href=\"http:\/\/www.codinagestio.com\/es\/metales_creativos\/modelos_estandars\/modelo-torroja.php\">modelo torroja<\/a>\u00bb y vegetaci\u00f3n.<\/p>\n<p>En el per\u00edmetro del edificio se han plantado dos tipos comunes de plantas trepadoras caducas, de las especies\u00a0 \u00abparra virgen\u00bb y \u00abampelopsis cinquafolia\u00bb, que con el tiempo acabaran cubriendo la malla, formado un revestimiento vegetal, sombreado en verano y permeable a luz solar en invierno.<\/p>\n<p>+ <a href=\"http:\/\/www.abalos-herreros.com\/printing\/retiro.htm\">Pabell\u00f3n  de Gimnasia  en el Parque  de el  Retiro &#8211; \u00c1balos &amp; Herreros<\/a> (descripci\u00f3n, ficha t\u00e9cnica y fotograf\u00edas)<br \/>\n+ <a href=\"http:\/\/www.revistaca.cl\/2006\/12\/pabellon-de-gimnasia-en-el-parque-de-el-retiro\/\">Pabell\u00f3n  de Gimnasia  en el Parque  de el  Retiro &#8211; Revista CA <\/a>(art\u00edculo, con descripci\u00f3n, fotos y planos, publicado en la revista \u00abca n\u00ba128\u00bb)<br \/>\n+ <a href=\"http:\/\/www.danda.be\/gallery\/retiro_park_gymnasium\/1\/\">Pabell\u00f3n  de Gimnasia  en el Parque  de el  Retiro &#8211; danda<\/a> (reportaje de fotograf\u00edas de Pieter Rolies)<\/p>\n<p>+ <a href=\"http:\/\/www.arquitecturatropical.org\/EDITORIAL\/documents\/CIUDADAZULInAKIABALOS.pdf\">La ciudad azul &#8211; arquitecturatropical.org<\/a> (transcripci\u00f3n de la ponencia de I\u00f1aki Abalos, del III Encuentro de Arquitectura, Urbanismo y Paisajismo Tropical, organizado por el IAT, en Costa Rica, en Noviembre del 2004. En formato pdf)<\/p>\n","protected":false},"excerpt":{"rendered":"<p>Pabell\u00f3n de Gimnasia en el Parque de el Retiro \/ gymnastics pavilion in \u00abel retiro\u00bb park , Madrid &#8211; Sp (2003). Arquitectura, \u00c1balos &amp; Herreros arquitectos. Fotograf\u00edas, abalos-herreros.com (arriba \/ ver reportaje de fotograf\u00edas) y Pieter Rolies (abajo). El pabell\u00f3n &hellip; <a href=\"https:\/\/blog.bellostes.com\/?p=1323\">Continua leyendo <span class=\"meta-nav\">&raquo;<\/span><\/a><\/p>\n","protected":false},"author":1,"featured_media":0,"comment_status":"open","ping_status":"open","sticky":false,"template":"","format":"standard","meta":{"footnotes":""},"categories":[7,41,54],"tags":[120],"class_list":["post-1323","post","type-post","status-publish","format-standard","hentry","category-arquitects","category-arquitectura-y-acero-inoxidable","category-proyectos-centros-deportivos","tag-gimnasios"],"_links":{"self":[{"href":"https:\/\/blog.bellostes.com\/index.php?rest_route=\/wp\/v2\/posts\/1323","targetHints":{"allow":["GET"]}}],"collection":[{"href":"https:\/\/blog.bellostes.com\/index.php?rest_route=\/wp\/v2\/posts"}],"about":[{"href":"https:\/\/blog.bellostes.com\/index.php?rest_route=\/wp\/v2\/types\/post"}],"author":[{"embeddable":true,"href":"https:\/\/blog.bellostes.com\/index.php?rest_route=\/wp\/v2\/users\/1"}],"replies":[{"embeddable":true,"href":"https:\/\/blog.bellostes.com\/index.php?rest_route=%2Fwp%2Fv2%2Fcomments&post=1323"}],"version-history":[{"count":0,"href":"https:\/\/blog.bellostes.com\/index.php?rest_route=\/wp\/v2\/posts\/1323\/revisions"}],"wp:attachment":[{"href":"https:\/\/blog.bellostes.com\/index.php?rest_route=%2Fwp%2Fv2%2Fmedia&parent=1323"}],"wp:term":[{"taxonomy":"category","embeddable":true,"href":"https:\/\/blog.bellostes.com\/index.php?rest_route=%2Fwp%2Fv2%2Fcategories&post=1323"},{"taxonomy":"post_tag","embeddable":true,"href":"https:\/\/blog.bellostes.com\/index.php?rest_route=%2Fwp%2Fv2%2Ftags&post=1323"}],"curies":[{"name":"wp","href":"https:\/\/api.w.org\/{rel}","templated":true}]}}