{"id":14349,"date":"2011-04-26T13:47:56","date_gmt":"2011-04-26T11:47:56","guid":{"rendered":"https:\/\/blog.bellostes.com\/?p=14349"},"modified":"2016-06-08T18:31:18","modified_gmt":"2016-06-08T16:31:18","slug":"pixels-de-plastico-pixels-de-luz-social-cave-installation","status":"publish","type":"post","link":"https:\/\/blog.bellostes.com\/?p=14349","title":{"rendered":"pixels de pl\u00e1stico, pixels de luz &#8211; social cave, installation"},"content":{"rendered":"<p><a href=\"https:\/\/blog.bellostes.com\/?attachment_id=14569\" rel=\"attachment wp-att-14569\"><img loading=\"lazy\" decoding=\"async\" class=\"alignnone size-full wp-image-14569\" title=\"Social cave, installation\" src=\"https:\/\/blog.bellostes.com\/media\/Social-cave-installation.png\" alt=\"\" width=\"675\" height=\"199\" srcset=\"https:\/\/blog.bellostes.com\/media\/Social-cave-installation.png 675w, https:\/\/blog.bellostes.com\/media\/Social-cave-installation-330x97.png 330w\" sizes=\"auto, (max-width: 675px) 100vw, 675px\" \/><\/a><\/p>\n<p>Social cave, installation (Salone del Mobile di Milano) Milan &#8211; Italy (2011). Dise\u00f1o, estudiantes participantes en el \u00ab<a href=\"http:\/\/www.nonlinearsolutionsunit.org\/\">Research Lab Non Linear Solutions Unit<\/a>\u00bb dirigido por \u00abCaterina Tiazzoldi\u00bb y \u00abMirko Arcese\u00bb en la \u00abColumbia University of New York\u00bb .\u00a0 Fotograf\u00edas, abitare.it<\/p>\n<p>\u00abSocial cave\u00bb es una instalaci\u00f3n interactiva que propone una forma h\u00edbrida de encuentro social entre la experiencia f\u00edsica del lugar y la experiencia virtual de las relaciones interpersonales.<\/p>\n<p><a href=\"https:\/\/blog.bellostes.com\/?attachment_id=14570\" rel=\"attachment wp-att-14570\"><img loading=\"lazy\" decoding=\"async\" class=\"alignnone size-full wp-image-14570\" title=\"Social cave, installation 01\" src=\"https:\/\/blog.bellostes.com\/media\/Social-cave-installation-01.png\" alt=\"\" width=\"675\" height=\"197\" srcset=\"https:\/\/blog.bellostes.com\/media\/Social-cave-installation-01.png 675w, https:\/\/blog.bellostes.com\/media\/Social-cave-installation-01-330x96.png 330w\" sizes=\"auto, (max-width: 675px) 100vw, 675px\" \/><\/a><\/p>\n<p>As\u00ed el lugar se construye con bloques de espuma de poliestireno, pixels de pl\u00e1stico con los que ha solidificado (tras jugar unas cuantas partidas de un \u00abTetris tridimensional\u00bb imaginado) una caverna con dos cavidades.<\/p>\n<p>El visitante entra en una u otra cavidad donde se encuentra frente a una pantalla que proyecta la silueta pixelada del otro, de quien tras la pantalla esta en la otra cavidad, provocando una coincidencia espacial y un encuentro virtual, una forma de conversaci\u00f3n entre dos identidades mediatizadas, que solo al salir del pabell\u00f3n podr\u00e1n reconocerse en su estado f\u00edsico habitual.<\/p>\n<p>La propuesta se reencuentra con el \u00ab<a href=\"http:\/\/es.wikipedia.org\/wiki\/Alegor%C3%ADa_de_la_caverna\">mito de caverna de Plat\u00f3n<\/a>\u00bb donde la experiencia de lo real, se produce en un lugar concreto y oscuro (la caverna) y se construye a trav\u00e9s de un mecanismo distorsionador, las sombras proyectadas sobre la pared o las siluetas pixeladas en la pantalla.<\/p>\n<p>+ <a href=\"http:\/\/nonlinearsolutionsunit.blogspot.com\/\">Social cave, installation &#8211; Non Linear Solutions Unit<\/a> (el blog del taller, documentando el proceso de proyecto de la instalaci\u00f3n, de las primeras ideas a la soluci\u00f3n final)<br \/>\n+ <a href=\"http:\/\/www.abitare.it\/en\/salone-live-by-26\/the-social-cave-2\/\">Social cave, installation &#8211; Abitare<\/a> (descripci\u00f3n con fotograf\u00edas y v\u00eddeos de la instalaci\u00f3n acabada y <a href=\"http:\/\/www.abitare.it\/en\/architecture\/the-social-cave\/\">en proyecto<\/a>)<br \/>\n+ <a href=\"http:\/\/www.vimeo.com\/groups\/getdigital\/videos\/21758978\">Social cave, installation &#8211; canal de hierro en Vimeo<\/a> (v\u00eddeo reportaje)<\/p>\n","protected":false},"excerpt":{"rendered":"<p>Social cave, installation (Salone del Mobile di Milano) Milan &#8211; Italy (2011). Dise\u00f1o, estudiantes participantes en el \u00abResearch Lab Non Linear Solutions Unit\u00bb dirigido por \u00abCaterina Tiazzoldi\u00bb y \u00abMirko Arcese\u00bb en la \u00abColumbia University of New York\u00bb .\u00a0 Fotograf\u00edas, abitare.it &hellip; <a href=\"https:\/\/blog.bellostes.com\/?p=14349\">Continua leyendo <span class=\"meta-nav\">&raquo;<\/span><\/a><\/p>\n","protected":false},"author":1,"featured_media":0,"comment_status":"open","ping_status":"open","sticky":false,"template":"","format":"standard","meta":{"footnotes":""},"categories":[20,45,60,24],"tags":[130,93],"class_list":["post-14349","post","type-post","status-publish","format-standard","hentry","category-arquitectura-efimera","category-arquitectura-y-multimedia","category-arquitectura-y-plastico","category-exposiciones","tag-exposiciones-2","tag-pabellones-temporales"],"_links":{"self":[{"href":"https:\/\/blog.bellostes.com\/index.php?rest_route=\/wp\/v2\/posts\/14349","targetHints":{"allow":["GET"]}}],"collection":[{"href":"https:\/\/blog.bellostes.com\/index.php?rest_route=\/wp\/v2\/posts"}],"about":[{"href":"https:\/\/blog.bellostes.com\/index.php?rest_route=\/wp\/v2\/types\/post"}],"author":[{"embeddable":true,"href":"https:\/\/blog.bellostes.com\/index.php?rest_route=\/wp\/v2\/users\/1"}],"replies":[{"embeddable":true,"href":"https:\/\/blog.bellostes.com\/index.php?rest_route=%2Fwp%2Fv2%2Fcomments&post=14349"}],"version-history":[{"count":25,"href":"https:\/\/blog.bellostes.com\/index.php?rest_route=\/wp\/v2\/posts\/14349\/revisions"}],"predecessor-version":[{"id":30355,"href":"https:\/\/blog.bellostes.com\/index.php?rest_route=\/wp\/v2\/posts\/14349\/revisions\/30355"}],"wp:attachment":[{"href":"https:\/\/blog.bellostes.com\/index.php?rest_route=%2Fwp%2Fv2%2Fmedia&parent=14349"}],"wp:term":[{"taxonomy":"category","embeddable":true,"href":"https:\/\/blog.bellostes.com\/index.php?rest_route=%2Fwp%2Fv2%2Fcategories&post=14349"},{"taxonomy":"post_tag","embeddable":true,"href":"https:\/\/blog.bellostes.com\/index.php?rest_route=%2Fwp%2Fv2%2Ftags&post=14349"}],"curies":[{"name":"wp","href":"https:\/\/api.w.org\/{rel}","templated":true}]}}