{"id":14921,"date":"2011-05-11T11:27:44","date_gmt":"2011-05-11T09:27:44","guid":{"rendered":"https:\/\/blog.bellostes.com\/?p=14921"},"modified":"2011-05-11T11:27:44","modified_gmt":"2011-05-11T09:27:44","slug":"con-vistas-al-lago-sauna-in-ranco-lake","status":"publish","type":"post","link":"https:\/\/blog.bellostes.com\/?p=14921","title":{"rendered":"con vistas al lago &#8211; sauna in ranco lake"},"content":{"rendered":"<p><a rel=\"attachment wp-att-14981\" href=\"https:\/\/blog.bellostes.com\/?attachment_id=14981\"><img loading=\"lazy\" decoding=\"async\" class=\"alignnone size-full wp-image-14981\" title=\"Sauna in Ranco lake\" src=\"https:\/\/blog.bellostes.com\/media\/Sauna-in-Ranco-lake.png\" alt=\"\" width=\"675\" height=\"196\" srcset=\"https:\/\/blog.bellostes.com\/media\/Sauna-in-Ranco-lake.png 675w, https:\/\/blog.bellostes.com\/media\/Sauna-in-Ranco-lake-330x95.png 330w\" sizes=\"auto, (max-width: 675px) 100vw, 675px\" \/><\/a><\/p>\n<p>Sauna in Ranco lake, Lago Ranco &#8211; Chile (2009). Arquitectura, Nicol\u00e1s Vald\u00e9s, Constanza Hagemann \u00ab<a href=\"http:\/\/www.panoramaarquitectos.com\/\">Panorama arquitectos<\/a>\u00ab. Fotograf\u00edas, Panorama.<\/p>\n<p>El proyecto resuelve la construcci\u00f3n de una sauna mirador situada a orillas del lago \u00abRanco\u00bb.<\/p>\n<p><a rel=\"attachment wp-att-14987\" href=\"https:\/\/blog.bellostes.com\/?attachment_id=14987\"><img loading=\"lazy\" decoding=\"async\" class=\"alignnone size-full wp-image-14987\" title=\"Sauna in Ranco lake 02\" src=\"https:\/\/blog.bellostes.com\/media\/Sauna-in-Ranco-lake-02.png\" alt=\"\" width=\"675\" height=\"195\" srcset=\"https:\/\/blog.bellostes.com\/media\/Sauna-in-Ranco-lake-02.png 675w, https:\/\/blog.bellostes.com\/media\/Sauna-in-Ranco-lake-02-330x95.png 330w\" sizes=\"auto, (max-width: 675px) 100vw, 675px\" \/><\/a><\/p>\n<p>El espacio esta compuesto por tres piezas independientes de planta rectangular conectadas mediante un eje o recorrido lineal que da acceso a las diferentes estancias.<\/p>\n<p><a rel=\"attachment wp-att-14982\" href=\"https:\/\/blog.bellostes.com\/?attachment_id=14982\"><img loading=\"lazy\" decoding=\"async\" class=\"alignnone size-full wp-image-14982\" title=\"Sauna in Ranco lake 01\" src=\"https:\/\/blog.bellostes.com\/media\/Sauna-in-Ranco-lake-01.png\" alt=\"\" width=\"675\" height=\"197\" srcset=\"https:\/\/blog.bellostes.com\/media\/Sauna-in-Ranco-lake-01.png 675w, https:\/\/blog.bellostes.com\/media\/Sauna-in-Ranco-lake-01-330x96.png 330w\" sizes=\"auto, (max-width: 675px) 100vw, 675px\" \/><\/a><\/p>\n<p>As\u00ed cada modulo contiene una parte del programa, a un lado el vestuario con el almac\u00e9n, en el centro, rotado para encontrar la mejor orientaci\u00f3n, el mirador y finalmente la estancia destinada a sauna.<\/p>\n<p>M\u00e1s informaci\u00f3n:<\/p>\n<p>+ <a href=\"http:\/\/www.plataformaarquitectura.cl\/2011\/05\/03\/sauna-en-lago-ranco-panorama\/\">Sauna in Ranco lake &#8211; Plaforma Arquitectura<\/a> (art\u00edculo de texto con fotograf\u00edas y planos)<br \/>\n+ <a href=\"http:\/\/www.archdaily.com\/132346\/sauna-in-ranco-panorama\/\">Sauna in Ranco lake &#8211; ArchDaily<\/a> (art\u00edculo de texto con fotograf\u00edas y planos)<\/p>\n","protected":false},"excerpt":{"rendered":"<p>Sauna in Ranco lake, Lago Ranco &#8211; Chile (2009). Arquitectura, Nicol\u00e1s Vald\u00e9s, Constanza Hagemann \u00abPanorama arquitectos\u00ab. Fotograf\u00edas, Panorama. El proyecto resuelve la construcci\u00f3n de una sauna mirador situada a orillas del lago \u00abRanco\u00bb. El espacio esta compuesto por tres piezas &hellip; <a href=\"https:\/\/blog.bellostes.com\/?p=14921\">Continua leyendo <span class=\"meta-nav\">&raquo;<\/span><\/a><\/p>\n","protected":false},"author":1,"featured_media":0,"comment_status":"open","ping_status":"open","sticky":false,"template":"","format":"standard","meta":{"footnotes":""},"categories":[7,22,80,50,44,10],"tags":[100,83,131],"class_list":["post-14921","post","type-post","status-publish","format-standard","hentry","category-arquitects","category-arquitectura-modular","category-arquitectura-y-espacios-naturales","category-arquitectura-y-madera","category-proyectos-casas-y-viviendas","category-pequenos-edificios","tag-miradores","tag-pabellones","tag-saunas"],"_links":{"self":[{"href":"https:\/\/blog.bellostes.com\/index.php?rest_route=\/wp\/v2\/posts\/14921","targetHints":{"allow":["GET"]}}],"collection":[{"href":"https:\/\/blog.bellostes.com\/index.php?rest_route=\/wp\/v2\/posts"}],"about":[{"href":"https:\/\/blog.bellostes.com\/index.php?rest_route=\/wp\/v2\/types\/post"}],"author":[{"embeddable":true,"href":"https:\/\/blog.bellostes.com\/index.php?rest_route=\/wp\/v2\/users\/1"}],"replies":[{"embeddable":true,"href":"https:\/\/blog.bellostes.com\/index.php?rest_route=%2Fwp%2Fv2%2Fcomments&post=14921"}],"version-history":[{"count":22,"href":"https:\/\/blog.bellostes.com\/index.php?rest_route=\/wp\/v2\/posts\/14921\/revisions"}],"predecessor-version":[{"id":15002,"href":"https:\/\/blog.bellostes.com\/index.php?rest_route=\/wp\/v2\/posts\/14921\/revisions\/15002"}],"wp:attachment":[{"href":"https:\/\/blog.bellostes.com\/index.php?rest_route=%2Fwp%2Fv2%2Fmedia&parent=14921"}],"wp:term":[{"taxonomy":"category","embeddable":true,"href":"https:\/\/blog.bellostes.com\/index.php?rest_route=%2Fwp%2Fv2%2Fcategories&post=14921"},{"taxonomy":"post_tag","embeddable":true,"href":"https:\/\/blog.bellostes.com\/index.php?rest_route=%2Fwp%2Fv2%2Ftags&post=14921"}],"curies":[{"name":"wp","href":"https:\/\/api.w.org\/{rel}","templated":true}]}}