{"id":153,"date":"2007-10-03T08:05:18","date_gmt":"2007-10-03T13:05:18","guid":{"rendered":"https:\/\/blog.bellostes.com\/?p=153"},"modified":"2007-11-24T15:12:00","modified_gmt":"2007-11-24T20:12:00","slug":"peter-zumthor-buildings-and-projects-1986-2007","status":"publish","type":"post","link":"https:\/\/blog.bellostes.com\/?p=153","title":{"rendered":"Peter Zumthor Buildings and Projects 1986 &#8211; 2007"},"content":{"rendered":"<p><img decoding=\"async\" alt=\"zumthor_exposicio2.png\" id=\"image156\" src=\"https:\/\/blog.bellostes.com\/media\/zumthor_exposicio2.png\" \/><br \/>\nEl museo Kunsthaus Bregenz (en Austria) ha organizado una exposici\u00f3n monogr\u00e1fica de Zumthor que se podr\u00e1 visitar hasta el 20 de enero del 2008, debe ser especialmente interesante, una exposici\u00f3n de Zumthor en un edificio de Zumthor&#8230;<\/p>\n<p>Para los que no vamos a ir&#8230;, (siempre nos quedara internet), podemos ver las fotograf\u00edas de la muestra publicadas en architecturephoto.net y visitar la web del museo.<\/p>\n<p>+ <a href=\"http:\/\/www.kunsthaus-bregenz.at\/ehtml\/ewelcome00.htm\">Peter Zumthor Buildings and Projects  (1986 2007)  &#8211;  Kunsthaus Bregenz<\/a><br \/>\n+ <a href=\"http:\/\/architecturephoto.net\/en\/2007\/09\/kunsthaus_bregenzpeter_zumthor.html\">Peter Zumthor Buildings and Projects  (1986 2007) &#8211;  architecturephoto.net<\/a><br \/>\n+ <a href=\"http:\/\/www.kunsthaus-bregenz.at\/ehtml\/ewelcome00.htm\">Kunsthaus Bregenz Museum &#8211; Descripci\u00f3n, fotos y planos del edif\u00edcio<\/a><br \/>\n+ <a href=\"http:\/\/architecturephoto.net\/en\/2007\/11\/new_photos_exhibition_of_peter.html\">Peter Zumthor Buildings and Projects  (1986 2007) &#8211; architecturephoto.net<\/a> (m\u00e1s fotos de las maquetas)<\/p>\n","protected":false},"excerpt":{"rendered":"<p>El museo Kunsthaus Bregenz (en Austria) ha organizado una exposici\u00f3n monogr\u00e1fica de Zumthor que se podr\u00e1 visitar hasta el 20 de enero del 2008, debe ser especialmente interesante, una exposici\u00f3n de Zumthor en un edificio de Zumthor&#8230; Para los que &hellip; <a href=\"https:\/\/blog.bellostes.com\/?p=153\">Continua leyendo <span class=\"meta-nav\">&raquo;<\/span><\/a><\/p>\n","protected":false},"author":1,"featured_media":0,"comment_status":"open","ping_status":"open","sticky":false,"template":"","format":"standard","meta":{"footnotes":""},"categories":[7,24],"tags":[],"class_list":["post-153","post","type-post","status-publish","format-standard","hentry","category-arquitects","category-exposiciones"],"_links":{"self":[{"href":"https:\/\/blog.bellostes.com\/index.php?rest_route=\/wp\/v2\/posts\/153","targetHints":{"allow":["GET"]}}],"collection":[{"href":"https:\/\/blog.bellostes.com\/index.php?rest_route=\/wp\/v2\/posts"}],"about":[{"href":"https:\/\/blog.bellostes.com\/index.php?rest_route=\/wp\/v2\/types\/post"}],"author":[{"embeddable":true,"href":"https:\/\/blog.bellostes.com\/index.php?rest_route=\/wp\/v2\/users\/1"}],"replies":[{"embeddable":true,"href":"https:\/\/blog.bellostes.com\/index.php?rest_route=%2Fwp%2Fv2%2Fcomments&post=153"}],"version-history":[{"count":0,"href":"https:\/\/blog.bellostes.com\/index.php?rest_route=\/wp\/v2\/posts\/153\/revisions"}],"wp:attachment":[{"href":"https:\/\/blog.bellostes.com\/index.php?rest_route=%2Fwp%2Fv2%2Fmedia&parent=153"}],"wp:term":[{"taxonomy":"category","embeddable":true,"href":"https:\/\/blog.bellostes.com\/index.php?rest_route=%2Fwp%2Fv2%2Fcategories&post=153"},{"taxonomy":"post_tag","embeddable":true,"href":"https:\/\/blog.bellostes.com\/index.php?rest_route=%2Fwp%2Fv2%2Ftags&post=153"}],"curies":[{"name":"wp","href":"https:\/\/api.w.org\/{rel}","templated":true}]}}