{"id":15392,"date":"2011-06-06T12:12:27","date_gmt":"2011-06-06T10:12:27","guid":{"rendered":"https:\/\/blog.bellostes.com\/?p=15392"},"modified":"2016-01-17T13:57:09","modified_gmt":"2016-01-17T12:57:09","slug":"escuela-rural-aeiotu-kindergarten","status":"publish","type":"post","link":"https:\/\/blog.bellostes.com\/?p=15392","title":{"rendered":"escuela rural &#8211; aeiot\u00fc kindergarten"},"content":{"rendered":"<p><a href=\"https:\/\/blog.bellostes.com\/?attachment_id=15480\" rel=\"attachment wp-att-15480\"><img loading=\"lazy\" decoding=\"async\" class=\"alignnone size-full wp-image-15480\" title=\"Timayui Kindergarten 05\" src=\"https:\/\/blog.bellostes.com\/media\/Timayui-Kindergarten-05.png\" alt=\"\" width=\"675\" height=\"199\" srcset=\"https:\/\/blog.bellostes.com\/media\/Timayui-Kindergarten-05.png 675w, https:\/\/blog.bellostes.com\/media\/Timayui-Kindergarten-05-330x97.png 330w\" sizes=\"auto, (max-width: 675px) 100vw, 675px\" \/><\/a><\/p>\n<p>Aeiot\u00fc Kindergarten, Santa Marta &#8211; Colombia (2010). Arquitectura, <a href=\"http:\/\/www.giancarlomazzanti.com\/\">Giancarlo Mazzanti. <\/a>Fotograf\u00edas, Iwan Baan.<\/p>\n<p>El proyecto resuelve, un sistema de construcci\u00f3n modular adecuado a las necesidades del programa, un centro educativo destinado a nin@s de 0 a 5 a\u00f1os, promovido por la \u00ab<a href=\"http:\/\/www.aeiotu.com\/\">empresa social aeiot\u00fc<\/a>\u00bb con el objetivo de ofrecer una atenci\u00f3n integral de calidad para la primera infancia que abarca tanto la educaci\u00f3n, como la nutrici\u00f3n y el contexto familiar y social, siguiendo la filosof\u00eda de las escuelas \u00ab<a href=\"http:\/\/www.aeiotu.com\/filosofia-reggio-emilia\/\">Reggio Emilia<\/a>\u00ab.<\/p>\n<p><a href=\"https:\/\/blog.bellostes.com\/?attachment_id=15417\" rel=\"attachment wp-att-15417\"><img loading=\"lazy\" decoding=\"async\" class=\"alignnone size-full wp-image-15417\" title=\"Timayui Kindergarten 01\" src=\"https:\/\/blog.bellostes.com\/media\/Timayui-Kindergarten-01.png\" alt=\"\" width=\"675\" height=\"196\" srcset=\"https:\/\/blog.bellostes.com\/media\/Timayui-Kindergarten-01.png 675w, https:\/\/blog.bellostes.com\/media\/Timayui-Kindergarten-01-330x95.png 330w\" sizes=\"auto, (max-width: 675px) 100vw, 675px\" \/><\/a><\/p>\n<p>Filosof\u00eda que se traduce en t\u00e9rminos espaciales con la construcci\u00f3n de un paisaje o contexto educativo, que se origina con la adici\u00f3n de c\u00e9lulas o unidades aut\u00f3nomas vinculadas entre s\u00ed con un conector o corredor cubierto y compuestas por tres m\u00f3dulos organizados en torno a un n\u00facleo o patio central.<\/p>\n<p><a href=\"https:\/\/blog.bellostes.com\/?attachment_id=15418\" rel=\"attachment wp-att-15418\"><img loading=\"lazy\" decoding=\"async\" class=\"alignnone size-full wp-image-15418\" title=\"Timayui Kindergarten\" src=\"https:\/\/blog.bellostes.com\/media\/Timayui-Kindergarten.png\" alt=\"\" width=\"675\" height=\"130\" srcset=\"https:\/\/blog.bellostes.com\/media\/Timayui-Kindergarten.png 675w, https:\/\/blog.bellostes.com\/media\/Timayui-Kindergarten-330x63.png 330w\" sizes=\"auto, (max-width: 675px) 100vw, 675px\" \/><\/a><\/p>\n<p>Cada modulo esta compuesto por una envolvente estructural de hormig\u00f3n armado, revestido con un mosaico tricolor (blanco, negro y gris) de piezas de vidrio cocido tipo \u00ab<a href=\"http:\/\/www.gresite.com\/index.php\">Gresite<\/a>\u00ab.<\/p>\n<p>M\u00e1s informaci\u00f3n:<\/p>\n<p>+\u00a0<a href=\"http:\/\/www.arquitecturaviva.com\/Cms\/Items\/ItemDetail.aspx?ID=2411\">Aeiot\u00fc Kindergarten &#8211; Arquitectura Viva<\/a> (art\u00edculo de texto con fotograf\u00edas y plano)<br \/>\n+ <a href=\"http:\/\/www.iwan.com\/photo_Timayui_Santa_Marta_Giancarlo_Mazzanti.php\">Aeiot\u00fc Kindergarten &#8211; Iwan Baan<\/a> (reportaje de fotograf\u00edas del centro \u00ab<a href=\"http:\/\/www.aeiotu.com\/centros-aeiotu\/?center=14\">ciudad de la alegr\u00eda<\/a>\u00ab)<br \/>\n+ <a href=\"http:\/\/www.iwan.com\/photo_La_Paz_Santa_Marta_Giancarlo_Mazzanti.php\">Aeiot\u00fc Kindergarten &#8211; Iwan Baan<\/a> (reportaje de fotograf\u00edas del centro \u00ab<a href=\"http:\/\/www.aeiotu.com\/centros-aeiotu\/?center=18\">La paz<\/a>\u00ab)<\/p>\n","protected":false},"excerpt":{"rendered":"<p>Aeiot\u00fc Kindergarten, Santa Marta &#8211; Colombia (2010). Arquitectura, Giancarlo Mazzanti. Fotograf\u00edas, Iwan Baan. El proyecto resuelve, un sistema de construcci\u00f3n modular adecuado a las necesidades del programa, un centro educativo destinado a nin@s de 0 a 5 a\u00f1os, promovido por &hellip; <a href=\"https:\/\/blog.bellostes.com\/?p=15392\">Continua leyendo <span class=\"meta-nav\">&raquo;<\/span><\/a><\/p>\n","protected":false},"author":1,"featured_media":0,"comment_status":"open","ping_status":"open","sticky":false,"template":"","format":"standard","meta":{"footnotes":""},"categories":[7,116,95,61,33],"tags":[73],"class_list":["post-15392","post","type-post","status-publish","format-standard","hentry","category-arquitects","category-arquitectura-para-nins","category-arquitectura-rural","category-arquitectura-y-ceramica","category-proyectos-equipamientos-educativos","tag-guarderias"],"_links":{"self":[{"href":"https:\/\/blog.bellostes.com\/index.php?rest_route=\/wp\/v2\/posts\/15392","targetHints":{"allow":["GET"]}}],"collection":[{"href":"https:\/\/blog.bellostes.com\/index.php?rest_route=\/wp\/v2\/posts"}],"about":[{"href":"https:\/\/blog.bellostes.com\/index.php?rest_route=\/wp\/v2\/types\/post"}],"author":[{"embeddable":true,"href":"https:\/\/blog.bellostes.com\/index.php?rest_route=\/wp\/v2\/users\/1"}],"replies":[{"embeddable":true,"href":"https:\/\/blog.bellostes.com\/index.php?rest_route=%2Fwp%2Fv2%2Fcomments&post=15392"}],"version-history":[{"count":48,"href":"https:\/\/blog.bellostes.com\/index.php?rest_route=\/wp\/v2\/posts\/15392\/revisions"}],"predecessor-version":[{"id":28943,"href":"https:\/\/blog.bellostes.com\/index.php?rest_route=\/wp\/v2\/posts\/15392\/revisions\/28943"}],"wp:attachment":[{"href":"https:\/\/blog.bellostes.com\/index.php?rest_route=%2Fwp%2Fv2%2Fmedia&parent=15392"}],"wp:term":[{"taxonomy":"category","embeddable":true,"href":"https:\/\/blog.bellostes.com\/index.php?rest_route=%2Fwp%2Fv2%2Fcategories&post=15392"},{"taxonomy":"post_tag","embeddable":true,"href":"https:\/\/blog.bellostes.com\/index.php?rest_route=%2Fwp%2Fv2%2Ftags&post=15392"}],"curies":[{"name":"wp","href":"https:\/\/api.w.org\/{rel}","templated":true}]}}