{"id":1591,"date":"2008-09-22T11:20:17","date_gmt":"2008-09-22T16:20:17","guid":{"rendered":"https:\/\/blog.bellostes.com\/?p=1591"},"modified":"2010-07-08T05:32:17","modified_gmt":"2010-07-08T10:32:17","slug":"en-la-biblioteca-o-en-el-parque-torre-pacheco-public-library","status":"publish","type":"post","link":"https:\/\/blog.bellostes.com\/?p=1591","title":{"rendered":"en la biblioteca o en el parque &#8211; \u00abtorre pacheco\u00bb public library"},"content":{"rendered":"<p><a href=\"https:\/\/blog.bellostes.com\/media\/biblioteca-publica-torre-pacheco-01.png\"><img loading=\"lazy\" decoding=\"async\" width=\"675\" height=\"209\" class=\"alignnone size-full wp-image-1667\" title=\"biblioteca-publica-torre-pacheco-01\" src=\"https:\/\/blog.bellostes.com\/media\/biblioteca-publica-torre-pacheco-01.png\" alt=\"\" srcset=\"https:\/\/blog.bellostes.com\/media\/biblioteca-publica-torre-pacheco-01.png 675w, https:\/\/blog.bellostes.com\/media\/biblioteca-publica-torre-pacheco-01-330x102.png 330w\" sizes=\"auto, (max-width: 675px) 100vw, 675px\" \/><\/a><\/p>\n<p>Biblioteca p\u00fablica \u00abTorre Pacheco\u00bb \/ \u00abTorre Pacheco\u00bb public library, Murcia &#8211; Sp (2007). Arquitectura, <a href=\"http:\/\/lejarraga.com\/\">Mart\u00edn Lejarraga<\/a>. Fotograf\u00edas, Jose Garcia en mimoa.eu (arriba) y mart.es (abajo).<\/p>\n<p>Leer dentro de la biblioteca o fuera en el \u00abparque de lectura\u00bb, de d\u00eda o de noche en el \u00abespacio de silencio nocturno\u00bb &#8230;<\/p>\n<p><a href=\"https:\/\/blog.bellostes.com\/media\/biblioteca-publica-torre-pacheco-02.png\"><img loading=\"lazy\" decoding=\"async\" width=\"675\" height=\"195\" class=\"alignnone size-full wp-image-1668\" title=\"biblioteca-publica-torre-pacheco-02\" src=\"https:\/\/blog.bellostes.com\/media\/biblioteca-publica-torre-pacheco-02.png\" alt=\"\" srcset=\"https:\/\/blog.bellostes.com\/media\/biblioteca-publica-torre-pacheco-02.png 675w, https:\/\/blog.bellostes.com\/media\/biblioteca-publica-torre-pacheco-02-330x95.png 330w\" sizes=\"auto, (max-width: 675px) 100vw, 675px\" \/><\/a><\/p>\n<p>El espacio de la cultura es tambi\u00e9n un espacio l\u00fadico, que se abre y se apropia del exterior.<\/p>\n<p>El edificio contenedor de \u00ablibros\u00bb define la plaza y da continuidad al parque, estableciendo una relaci\u00f3n simbi\u00f3tica: el edificio construye la topograf\u00eda artificial del parque y el parque acoge y protege al edificio.<\/p>\n<p>El conjunto se formula como un centro de cohesi\u00f3n social, proponiendo actividades culturales y l\u00fadicas,  para potenciar el encuentro, la comunicaci\u00f3n y el intercambio entre los ciudadanos, de edades, intereses o procedencias diversas.<\/p>\n<p>+ <a href=\"http:\/\/www.mart.es\/obras.php?id_obra=44&amp;localizacion_search=&amp;tipologia_search=&amp;_pagi_pg=2\">Biblioteca p\u00fablica \u00abTorre Pacheco\u00bb &#8211; Mart<\/a> (art\u00edculo con ficha t\u00e9cnica, comentario y reportaje de fotograf\u00edas).<br \/>\n+ <a href=\"http:\/\/www.mimoa.eu\/projects\/Spain\/Torre%20Pacheco\/Public%20Municipal%20Library%20and%20Reading%20Park\">Biblioteca p\u00fablica \u00abTorre Pacheco\u00bb &#8211; mimoa<\/a> (art\u00edculo breve con descripci\u00f3n y fotograf\u00edas)<br \/>\n+ <a href=\"http:\/\/www.laverdad.es\/murcia\/prensa\/20070124\/cultura_murcia\/hecho-bomba-relojeria_20070124.html\">Biblioteca p\u00fablica \u00abTorre Pacheco\u00bb &#8211; laverdad.es<\/a> (entrevista a Mart\u00edn Lejarraga con motivo de la inauguraci\u00f3n de la biblioteca).<br \/>\n+ <a href=\"http:\/\/www.fab-pics.de\/fab-pics-cgi\/topixx?op=thumbnails1&amp;string=Bibliothek%20Pacheco\">Biblioteca p\u00fablica \u00abTorre Pacheco\u00bb &#8211; fab-pics.de<\/a> (reportaje de fotograf\u00edas)<\/p>\n<p>+ <a href=\"http:\/\/www.detail.de\/rw_6_Plus_Galerie_De_HoleFotosNachKategorie_Bibliothek%20in%20Torre%20Pacheco_Kat.htm\">Biblioteca p\u00fablica \u00abTorre Pacheco\u00bb &#8211; Detail<\/a> (planos y reportaje de fotograf\u00edas)<\/p>\n","protected":false},"excerpt":{"rendered":"<p>Biblioteca p\u00fablica \u00abTorre Pacheco\u00bb \/ \u00abTorre Pacheco\u00bb public library, Murcia &#8211; Sp (2007). Arquitectura, Mart\u00edn Lejarraga. Fotograf\u00edas, Jose Garcia en mimoa.eu (arriba) y mart.es (abajo). Leer dentro de la biblioteca o fuera en el \u00abparque de lectura\u00bb, de d\u00eda o &hellip; <a href=\"https:\/\/blog.bellostes.com\/?p=1591\">Continua leyendo <span class=\"meta-nav\">&raquo;<\/span><\/a><\/p>\n","protected":false},"author":1,"featured_media":0,"comment_status":"open","ping_status":"open","sticky":false,"template":"","format":"standard","meta":{"footnotes":""},"categories":[7,29,37],"tags":[68],"class_list":["post-1591","post","type-post","status-publish","format-standard","hentry","category-arquitects","category-arquitectura-y-espacio-publico","category-proyectos-espacios-culturales","tag-bibliotecas"],"_links":{"self":[{"href":"https:\/\/blog.bellostes.com\/index.php?rest_route=\/wp\/v2\/posts\/1591","targetHints":{"allow":["GET"]}}],"collection":[{"href":"https:\/\/blog.bellostes.com\/index.php?rest_route=\/wp\/v2\/posts"}],"about":[{"href":"https:\/\/blog.bellostes.com\/index.php?rest_route=\/wp\/v2\/types\/post"}],"author":[{"embeddable":true,"href":"https:\/\/blog.bellostes.com\/index.php?rest_route=\/wp\/v2\/users\/1"}],"replies":[{"embeddable":true,"href":"https:\/\/blog.bellostes.com\/index.php?rest_route=%2Fwp%2Fv2%2Fcomments&post=1591"}],"version-history":[{"count":0,"href":"https:\/\/blog.bellostes.com\/index.php?rest_route=\/wp\/v2\/posts\/1591\/revisions"}],"wp:attachment":[{"href":"https:\/\/blog.bellostes.com\/index.php?rest_route=%2Fwp%2Fv2%2Fmedia&parent=1591"}],"wp:term":[{"taxonomy":"category","embeddable":true,"href":"https:\/\/blog.bellostes.com\/index.php?rest_route=%2Fwp%2Fv2%2Fcategories&post=1591"},{"taxonomy":"post_tag","embeddable":true,"href":"https:\/\/blog.bellostes.com\/index.php?rest_route=%2Fwp%2Fv2%2Ftags&post=1591"}],"curies":[{"name":"wp","href":"https:\/\/api.w.org\/{rel}","templated":true}]}}