{"id":16145,"date":"2011-07-13T12:02:49","date_gmt":"2011-07-13T10:02:49","guid":{"rendered":"https:\/\/blog.bellostes.com\/?p=16145"},"modified":"2011-07-11T20:03:31","modified_gmt":"2011-07-11T18:03:31","slug":"la-casa-de-los-murcielagos-flederhaus-temporary-pavilion","status":"publish","type":"post","link":"https:\/\/blog.bellostes.com\/?p=16145","title":{"rendered":"la casa de los murci\u00e9lagos &#8211; flederhaus, temporary pavilion"},"content":{"rendered":"<p><a rel=\"attachment wp-att-16174\" href=\"https:\/\/blog.bellostes.com\/?attachment_id=16174\"><img loading=\"lazy\" decoding=\"async\" class=\"alignnone size-full wp-image-16174\" title=\"Flederhaus, temporary pavilion 01\" src=\"https:\/\/blog.bellostes.com\/media\/Flederhaus-temporary-pavilion-01.png\" alt=\"\" width=\"675\" height=\"199\" srcset=\"https:\/\/blog.bellostes.com\/media\/Flederhaus-temporary-pavilion-01.png 675w, https:\/\/blog.bellostes.com\/media\/Flederhaus-temporary-pavilion-01-330x97.png 330w\" sizes=\"auto, (max-width: 675px) 100vw, 675px\" \/><\/a><\/p>\n<p>Flederhaus, temporary pavilion (MQ MuseumsQuartier Wien), Vienna &#8211; Austria (2011). Arquitectura, heri&amp;salli. Fotograf\u00edas, <a href=\"http:\/\/www.erben.at\/mischaerben\/index.htm\">Mischa ErbenMischa Erben<\/a>.<\/p>\n<p>\u00abFlederhaus\u00bb la casa de los murci\u00e9lagos, es un pabell\u00f3n de verano, p\u00fablico y temporal instalado desde abril hasta octubre en la plaza \u00ab<span><span>Vorplatz\u00bb de Viena.<br \/>\n<\/span><\/span><\/p>\n<p><a rel=\"attachment wp-att-16175\" href=\"https:\/\/blog.bellostes.com\/?attachment_id=16175\"><img loading=\"lazy\" decoding=\"async\" class=\"alignnone size-full wp-image-16175\" title=\"Flederhaus, temporary pavilion 02\" src=\"https:\/\/blog.bellostes.com\/media\/Flederhaus-temporary-pavilion-02.png\" alt=\"\" width=\"675\" height=\"204\" srcset=\"https:\/\/blog.bellostes.com\/media\/Flederhaus-temporary-pavilion-02.png 675w, https:\/\/blog.bellostes.com\/media\/Flederhaus-temporary-pavilion-02-330x99.png 330w\" sizes=\"auto, (max-width: 675px) 100vw, 675px\" \/><\/a><\/p>\n<p>La estructura de cinco plantas de altura esta ocupada por hamacas dispuestas en torno a una escalera central. El espacio se organiza como una serie vertical de terrazas domesticas configurando una torre mirador, un punto de encuentro o un lugar de descanso y proporcionando una formar alternativa, singular y l\u00fadica de estar (ocupar o habitar) en lo urbano.<\/p>\n<p>M\u00e1s informaci\u00f3n:<\/p>\n<p>+ <a href=\"http:\/\/www.heriundsalli.com\/\">Flederhaus, temporary pavilion &#8211; Heri &amp; Salli<\/a> (descripci\u00f3n con fotograf\u00edas, en flash)<br \/>\n+ <a href=\"http:\/\/www.mqw.at\/en\/program\/detail\/?event_id=6391\">Flederhaus, temporary pavilion &#8211; MuseumsQuartier Wien<\/a> (descripci\u00f3n con fotograf\u00eda)<br \/>\n+ <a href=\"http:\/\/www.plataformaarquitectura.cl\/2011\/07\/09\/flederhaus-heri-salli\/\">Flederhaus, temporary pavilion &#8211; Plataforma Arquitectura<\/a> (art\u00edculo de texto con fotograf\u00edas, planos e ilustraciones)<br \/>\n+ <a href=\"http:\/\/www.archdaily.com\/148401\/flederhaus-heri-salli\/\">Flederhaus, temporary pavilion &#8211; archdaily<\/a> (art\u00edculo de texto con fotograf\u00edas, planos e ilustraciones)<\/p>\n","protected":false},"excerpt":{"rendered":"<p>Flederhaus, temporary pavilion (MQ MuseumsQuartier Wien), Vienna &#8211; Austria (2011). Arquitectura, heri&amp;salli. Fotograf\u00edas, Mischa ErbenMischa Erben. \u00abFlederhaus\u00bb la casa de los murci\u00e9lagos, es un pabell\u00f3n de verano, p\u00fablico y temporal instalado desde abril hasta octubre en la plaza \u00abVorplatz\u00bb de &hellip; <a href=\"https:\/\/blog.bellostes.com\/?p=16145\">Continua leyendo <span class=\"meta-nav\">&raquo;<\/span><\/a><\/p>\n","protected":false},"author":1,"featured_media":0,"comment_status":"open","ping_status":"open","sticky":false,"template":"","format":"standard","meta":{"footnotes":""},"categories":[7,20,29,50,24],"tags":[93],"class_list":["post-16145","post","type-post","status-publish","format-standard","hentry","category-arquitects","category-arquitectura-efimera","category-arquitectura-y-espacio-publico","category-arquitectura-y-madera","category-exposiciones","tag-pabellones-temporales"],"_links":{"self":[{"href":"https:\/\/blog.bellostes.com\/index.php?rest_route=\/wp\/v2\/posts\/16145","targetHints":{"allow":["GET"]}}],"collection":[{"href":"https:\/\/blog.bellostes.com\/index.php?rest_route=\/wp\/v2\/posts"}],"about":[{"href":"https:\/\/blog.bellostes.com\/index.php?rest_route=\/wp\/v2\/types\/post"}],"author":[{"embeddable":true,"href":"https:\/\/blog.bellostes.com\/index.php?rest_route=\/wp\/v2\/users\/1"}],"replies":[{"embeddable":true,"href":"https:\/\/blog.bellostes.com\/index.php?rest_route=%2Fwp%2Fv2%2Fcomments&post=16145"}],"version-history":[{"count":27,"href":"https:\/\/blog.bellostes.com\/index.php?rest_route=\/wp\/v2\/posts\/16145\/revisions"}],"predecessor-version":[{"id":16263,"href":"https:\/\/blog.bellostes.com\/index.php?rest_route=\/wp\/v2\/posts\/16145\/revisions\/16263"}],"wp:attachment":[{"href":"https:\/\/blog.bellostes.com\/index.php?rest_route=%2Fwp%2Fv2%2Fmedia&parent=16145"}],"wp:term":[{"taxonomy":"category","embeddable":true,"href":"https:\/\/blog.bellostes.com\/index.php?rest_route=%2Fwp%2Fv2%2Fcategories&post=16145"},{"taxonomy":"post_tag","embeddable":true,"href":"https:\/\/blog.bellostes.com\/index.php?rest_route=%2Fwp%2Fv2%2Ftags&post=16145"}],"curies":[{"name":"wp","href":"https:\/\/api.w.org\/{rel}","templated":true}]}}