{"id":16270,"date":"2011-07-14T14:42:17","date_gmt":"2011-07-14T12:42:17","guid":{"rendered":"https:\/\/blog.bellostes.com\/?p=16270"},"modified":"2016-06-08T18:27:04","modified_gmt":"2016-06-08T16:27:04","slug":"cruce-de-miradas-thinking-space-installation","status":"publish","type":"post","link":"https:\/\/blog.bellostes.com\/?p=16270","title":{"rendered":"cruce de miradas &#8211; thinking space, installation"},"content":{"rendered":"<p><a href=\"https:\/\/blog.bellostes.com\/?attachment_id=16280\" rel=\"attachment wp-att-16280\"><img loading=\"lazy\" decoding=\"async\" class=\"alignnone size-full wp-image-16280\" title=\"Thinking space, installation\" src=\"https:\/\/blog.bellostes.com\/media\/Thinking-space-installation.png\" alt=\"\" width=\"675\" height=\"197\" srcset=\"https:\/\/blog.bellostes.com\/media\/Thinking-space-installation.png 675w, https:\/\/blog.bellostes.com\/media\/Thinking-space-installation-330x96.png 330w\" sizes=\"auto, (max-width: 675px) 100vw, 675px\" \/><\/a><\/p>\n<p>Thinking space, installation (Bundesamt f\u00fcr Kultur) Basel &#8211; Switzerland (2009). Arquitectura, Phalt architect. Fotograf\u00edas, Julien Vonier.<\/p>\n<p>La luz como la mirada, ilumina y mira a trav\u00e9s de las rendijas, reconstruye los lugares insertados en el vac\u00edo de cada caja. La luz como la mirada, piensa e imagina, las sombras y las realidades que ocupan el espacio encontrado en cada caja.<\/p>\n<p>M\u00e1s informaci\u00f3n:<\/p>\n<p>+ <a href=\"http:\/\/www.phalt.ch\/projekte\/eidgenossischer-kunstpreis\/\">Thinking space, installation &#8211; Phalt*the spatialits<\/a> (descripci\u00f3n, fotograf\u00edas e ilustraciones<\/p>\n","protected":false},"excerpt":{"rendered":"<p>Thinking space, installation (Bundesamt f\u00fcr Kultur) Basel &#8211; Switzerland (2009). Arquitectura, Phalt architect. Fotograf\u00edas, Julien Vonier. La luz como la mirada, ilumina y mira a trav\u00e9s de las rendijas, reconstruye los lugares insertados en el vac\u00edo de cada caja. La &hellip; <a href=\"https:\/\/blog.bellostes.com\/?p=16270\">Continua leyendo <span class=\"meta-nav\">&raquo;<\/span><\/a><\/p>\n","protected":false},"author":1,"featured_media":0,"comment_status":"open","ping_status":"open","sticky":false,"template":"","format":"standard","meta":{"footnotes":""},"categories":[7,20,24],"tags":[130],"class_list":["post-16270","post","type-post","status-publish","format-standard","hentry","category-arquitects","category-arquitectura-efimera","category-exposiciones","tag-exposiciones-2"],"_links":{"self":[{"href":"https:\/\/blog.bellostes.com\/index.php?rest_route=\/wp\/v2\/posts\/16270","targetHints":{"allow":["GET"]}}],"collection":[{"href":"https:\/\/blog.bellostes.com\/index.php?rest_route=\/wp\/v2\/posts"}],"about":[{"href":"https:\/\/blog.bellostes.com\/index.php?rest_route=\/wp\/v2\/types\/post"}],"author":[{"embeddable":true,"href":"https:\/\/blog.bellostes.com\/index.php?rest_route=\/wp\/v2\/users\/1"}],"replies":[{"embeddable":true,"href":"https:\/\/blog.bellostes.com\/index.php?rest_route=%2Fwp%2Fv2%2Fcomments&post=16270"}],"version-history":[{"count":22,"href":"https:\/\/blog.bellostes.com\/index.php?rest_route=\/wp\/v2\/posts\/16270\/revisions"}],"predecessor-version":[{"id":30352,"href":"https:\/\/blog.bellostes.com\/index.php?rest_route=\/wp\/v2\/posts\/16270\/revisions\/30352"}],"wp:attachment":[{"href":"https:\/\/blog.bellostes.com\/index.php?rest_route=%2Fwp%2Fv2%2Fmedia&parent=16270"}],"wp:term":[{"taxonomy":"category","embeddable":true,"href":"https:\/\/blog.bellostes.com\/index.php?rest_route=%2Fwp%2Fv2%2Fcategories&post=16270"},{"taxonomy":"post_tag","embeddable":true,"href":"https:\/\/blog.bellostes.com\/index.php?rest_route=%2Fwp%2Fv2%2Ftags&post=16270"}],"curies":[{"name":"wp","href":"https:\/\/api.w.org\/{rel}","templated":true}]}}