{"id":16477,"date":"2011-08-17T11:52:52","date_gmt":"2011-08-17T09:52:52","guid":{"rendered":"https:\/\/blog.bellostes.com\/?p=16477"},"modified":"2011-08-15T11:55:41","modified_gmt":"2011-08-15T09:55:41","slug":"destellos-y-sonidos-stereotank-installation","status":"publish","type":"post","link":"https:\/\/blog.bellostes.com\/?p=16477","title":{"rendered":"sonidos y destellos &#8211; stereotank installation"},"content":{"rendered":"<p><a rel=\"attachment wp-att-16660\" href=\"https:\/\/blog.bellostes.com\/?attachment_id=16660\"><img loading=\"lazy\" decoding=\"async\" class=\"alignnone size-full wp-image-16660\" title=\"Stereotank installation 02\" src=\"https:\/\/blog.bellostes.com\/media\/Stereotank-installation-02.png\" alt=\"\" width=\"675\" height=\"194\" srcset=\"https:\/\/blog.bellostes.com\/media\/Stereotank-installation-02.png 675w, https:\/\/blog.bellostes.com\/media\/Stereotank-installation-02-330x94.png 330w\" sizes=\"auto, (max-width: 675px) 100vw, 675px\" \/><\/a><\/p>\n<p>Stereotank installation (Zooart festival) Cuneo &#8211; Italy (2011). Arquitectura, <a href=\"http:\/\/www.samplert.com\/\">Marcelo Ertorteguy<\/a> y Sara Valente. Fotograf\u00edas, stereotank.carbonmade.com<\/p>\n<p>La instalaci\u00f3n \u00abStereotank\u00bb forma parte de la muestra de arte contempor\u00e1neo organizada con motivo de la d\u00e9cima\u00a0 edici\u00f3n del \u00ab<a href=\"http:\/\/www.zooart.it\/\">Zooart festival<\/a>\u00bb en los jardines \u00abFresia\u00bb de la ciudad de Cuneo.<\/p>\n<p><a rel=\"attachment wp-att-16661\" href=\"https:\/\/blog.bellostes.com\/?attachment_id=16661\"><img loading=\"lazy\" decoding=\"async\" class=\"alignnone size-full wp-image-16661\" title=\"Stereotank installation 01\" src=\"https:\/\/blog.bellostes.com\/media\/Stereotank-installation-01.png\" alt=\"\" width=\"675\" height=\"193\" srcset=\"https:\/\/blog.bellostes.com\/media\/Stereotank-installation-01.png 675w, https:\/\/blog.bellostes.com\/media\/Stereotank-installation-01-330x94.png 330w\" sizes=\"auto, (max-width: 675px) 100vw, 675px\" \/><\/a><\/p>\n<p>La instalaci\u00f3n, esta compuesta por dos dep\u00f3sitos de pl\u00e1stico, doce cubos del mismo material y seis cuerdas de nylon, materiales con los que se construye un instrumento de cuerda que junto con los sonidos emite destellos de luz.<\/p>\n<p><a rel=\"attachment wp-att-16662\" href=\"https:\/\/blog.bellostes.com\/?attachment_id=16662\"><img loading=\"lazy\" decoding=\"async\" class=\"alignnone size-full wp-image-16662\" title=\"Stereotank installation\" src=\"https:\/\/blog.bellostes.com\/media\/Stereotank-installation.png\" alt=\"\" width=\"675\" height=\"151\" srcset=\"https:\/\/blog.bellostes.com\/media\/Stereotank-installation.png 675w, https:\/\/blog.bellostes.com\/media\/Stereotank-installation-330x73.png 330w\" sizes=\"auto, (max-width: 675px) 100vw, 675px\" \/><\/a><\/p>\n<p>Las piezas, del instrumento de 2.20m de alto por 3.00 de ancho, se han fijado a una estructura de barras de madera. El conjunto se completa con una tarima de palets de madera y el montaje de \u00ablets\u00bb en el interior de los cubos.<\/p>\n<p>M\u00e1s informaci\u00f3n:<\/p>\n<p>+ <a href=\"http:\/\/stereotank.carbonmade.com\/\">Stereotank installation &#8211; Stereotank<\/a> (la p\u00e1gina del proyecto)<br \/>\n+ <a href=\"http:\/\/www.designboom.com\/weblog\/cat\/10\/view\/15771\/marcelo-ertorteguy-sara-valente-stereotank.html\">Stereotank installation &#8211; designboom<\/a> (art\u00edculo de texto con fotograf\u00edas e ilustraciones)<\/p>\n","protected":false},"excerpt":{"rendered":"<p>Stereotank installation (Zooart festival) Cuneo &#8211; Italy (2011). Arquitectura, Marcelo Ertorteguy y Sara Valente. Fotograf\u00edas, stereotank.carbonmade.com La instalaci\u00f3n \u00abStereotank\u00bb forma parte de la muestra de arte contempor\u00e1neo organizada con motivo de la d\u00e9cima\u00a0 edici\u00f3n del \u00abZooart festival\u00bb en los jardines &hellip; <a href=\"https:\/\/blog.bellostes.com\/?p=16477\">Continua leyendo <span class=\"meta-nav\">&raquo;<\/span><\/a><\/p>\n","protected":false},"author":1,"featured_media":0,"comment_status":"open","ping_status":"open","sticky":false,"template":"","format":"standard","meta":{"footnotes":""},"categories":[7,20,45,60,24,52,34],"tags":[93],"class_list":["post-16477","post","type-post","status-publish","format-standard","hentry","category-arquitects","category-arquitectura-efimera","category-arquitectura-y-multimedia","category-arquitectura-y-plastico","category-exposiciones","category-proyectos-espacios-ludicos","category-proyectos-micro-equipamientos","tag-pabellones-temporales"],"_links":{"self":[{"href":"https:\/\/blog.bellostes.com\/index.php?rest_route=\/wp\/v2\/posts\/16477","targetHints":{"allow":["GET"]}}],"collection":[{"href":"https:\/\/blog.bellostes.com\/index.php?rest_route=\/wp\/v2\/posts"}],"about":[{"href":"https:\/\/blog.bellostes.com\/index.php?rest_route=\/wp\/v2\/types\/post"}],"author":[{"embeddable":true,"href":"https:\/\/blog.bellostes.com\/index.php?rest_route=\/wp\/v2\/users\/1"}],"replies":[{"embeddable":true,"href":"https:\/\/blog.bellostes.com\/index.php?rest_route=%2Fwp%2Fv2%2Fcomments&post=16477"}],"version-history":[{"count":41,"href":"https:\/\/blog.bellostes.com\/index.php?rest_route=\/wp\/v2\/posts\/16477\/revisions"}],"predecessor-version":[{"id":16844,"href":"https:\/\/blog.bellostes.com\/index.php?rest_route=\/wp\/v2\/posts\/16477\/revisions\/16844"}],"wp:attachment":[{"href":"https:\/\/blog.bellostes.com\/index.php?rest_route=%2Fwp%2Fv2%2Fmedia&parent=16477"}],"wp:term":[{"taxonomy":"category","embeddable":true,"href":"https:\/\/blog.bellostes.com\/index.php?rest_route=%2Fwp%2Fv2%2Fcategories&post=16477"},{"taxonomy":"post_tag","embeddable":true,"href":"https:\/\/blog.bellostes.com\/index.php?rest_route=%2Fwp%2Fv2%2Ftags&post=16477"}],"curies":[{"name":"wp","href":"https:\/\/api.w.org\/{rel}","templated":true}]}}