{"id":1732,"date":"2008-10-24T03:20:56","date_gmt":"2008-10-24T08:20:56","guid":{"rendered":"https:\/\/blog.bellostes.com\/?p=1732"},"modified":"2008-10-24T03:20:56","modified_gmt":"2008-10-24T08:20:56","slug":"sombras-de-luz-aperture-facade-installation","status":"publish","type":"post","link":"https:\/\/blog.bellostes.com\/?p=1732","title":{"rendered":"sombras de luz &#8211; aperture facade installation"},"content":{"rendered":"<p><a href=\"https:\/\/blog.bellostes.com\/media\/aberture-1.png\"><img loading=\"lazy\" decoding=\"async\" width=\"675\" height=\"153\" class=\"alignnone size-full wp-image-1832\" title=\"aberture-1\" src=\"https:\/\/blog.bellostes.com\/media\/aberture-1.png\" alt=\"\" srcset=\"https:\/\/blog.bellostes.com\/media\/aberture-1.png 675w, https:\/\/blog.bellostes.com\/media\/aberture-1-330x74.png 330w\" sizes=\"auto, (max-width: 675px) 100vw, 675px\" \/><\/a><\/p>\n<p>Aperture facade installation,\u00a0 Berlin-Germany (2005). Dise\u00f1o y desarrollo, Fr\u00e9d\u00e9ric Eyl, Gunnar Green y \u00abUniversity of the Arts Berlin\u00bb. Fotograf\u00edas, v\u00eddeo reportaje: <a href=\"http:\/\/www.youtube.com\/watch?v=QWUEPBXyj2E&amp;eurl=http:\/\/cubeme.com\/blog\/2007\/08\/10\/aperture-by-frederic-eyl-and-gunnar-green\/\">CREAXnv en YouTube<\/a>.<\/p>\n<p><a href=\"https:\/\/blog.bellostes.com\/media\/aberture-21.png\"><img loading=\"lazy\" decoding=\"async\" width=\"675\" height=\"149\" class=\"alignnone size-full wp-image-1834\" title=\"aberture-21\" src=\"https:\/\/blog.bellostes.com\/media\/aberture-21.png\" alt=\"\" srcset=\"https:\/\/blog.bellostes.com\/media\/aberture-21.png 675w, https:\/\/blog.bellostes.com\/media\/aberture-21-330x72.png 330w\" sizes=\"auto, (max-width: 675px) 100vw, 675px\" \/><\/a><\/p>\n<p>\u00abAperture\u00bb es una superficie sensible a la presencia, que captura el movimiento mediante una matriz de diafragmas que se abren o cierran en funci\u00f3n del nivel de luz que incide sobre ellos, de tal manera que cada diafragma funciona como una unidad (un p\u00edxel) que se acciona de forma independiente para componer una imagen o una cortina din\u00e1mica de luz.<\/p>\n<p>+ <a href=\"http:\/\/www.fredericeyl.de\/aperture\/index.php?main=2&amp;sub=1\">Aperture &#8211; Fr\u00e9d\u00e9ric Eyl<\/a> (Descripci\u00f3n del proyecto con texto, ilustraciones y fotograf\u00edas)<br \/>\n+ <a href=\"http:\/\/gunnar.freedomofthehills.com\/projects\/aperture\">Aperture &#8211; Gunnar Green<\/a> (Art\u00edculo con texto y fotograf\u00edas)<br \/>\n+ <a href=\"http:\/\/www.digital.udk-berlin.de\/de\/projects\/winter0405\/main\/hauptprojekt\/aperture.html\">Aperture &#8211; Universit\u00e4t der K\u00fcnste Berlin<\/a> (art\u00edculo con texto, fotograf\u00edas y v\u00eddeo)<\/p>\n<p>v\u00eda <a href=\"http:\/\/cubeme.com\/blog\/2007\/08\/10\/aperture-by-frederic-eyl-and-gunnar-green\/\">cubeme<\/a> &amp; <a href=\"http:\/\/www.archispass.org\/2007\/08\/10\/aperture\/\">ArchiSpass <\/a><\/p>\n","protected":false},"excerpt":{"rendered":"<p>Aperture facade installation,\u00a0 Berlin-Germany (2005). Dise\u00f1o y desarrollo, Fr\u00e9d\u00e9ric Eyl, Gunnar Green y \u00abUniversity of the Arts Berlin\u00bb. Fotograf\u00edas, v\u00eddeo reportaje: CREAXnv en YouTube. \u00abAperture\u00bb es una superficie sensible a la presencia, que captura el movimiento mediante una matriz de &hellip; <a href=\"https:\/\/blog.bellostes.com\/?p=1732\">Continua leyendo <span class=\"meta-nav\">&raquo;<\/span><\/a><\/p>\n","protected":false},"author":1,"featured_media":0,"comment_status":"open","ping_status":"open","sticky":false,"template":"","format":"standard","meta":{"footnotes":""},"categories":[45,4,24],"tags":[],"class_list":["post-1732","post","type-post","status-publish","format-standard","hentry","category-arquitectura-y-multimedia","category-diseno","category-exposiciones"],"_links":{"self":[{"href":"https:\/\/blog.bellostes.com\/index.php?rest_route=\/wp\/v2\/posts\/1732","targetHints":{"allow":["GET"]}}],"collection":[{"href":"https:\/\/blog.bellostes.com\/index.php?rest_route=\/wp\/v2\/posts"}],"about":[{"href":"https:\/\/blog.bellostes.com\/index.php?rest_route=\/wp\/v2\/types\/post"}],"author":[{"embeddable":true,"href":"https:\/\/blog.bellostes.com\/index.php?rest_route=\/wp\/v2\/users\/1"}],"replies":[{"embeddable":true,"href":"https:\/\/blog.bellostes.com\/index.php?rest_route=%2Fwp%2Fv2%2Fcomments&post=1732"}],"version-history":[{"count":0,"href":"https:\/\/blog.bellostes.com\/index.php?rest_route=\/wp\/v2\/posts\/1732\/revisions"}],"wp:attachment":[{"href":"https:\/\/blog.bellostes.com\/index.php?rest_route=%2Fwp%2Fv2%2Fmedia&parent=1732"}],"wp:term":[{"taxonomy":"category","embeddable":true,"href":"https:\/\/blog.bellostes.com\/index.php?rest_route=%2Fwp%2Fv2%2Fcategories&post=1732"},{"taxonomy":"post_tag","embeddable":true,"href":"https:\/\/blog.bellostes.com\/index.php?rest_route=%2Fwp%2Fv2%2Ftags&post=1732"}],"curies":[{"name":"wp","href":"https:\/\/api.w.org\/{rel}","templated":true}]}}