{"id":1748,"date":"2008-10-20T07:09:42","date_gmt":"2008-10-20T12:09:42","guid":{"rendered":"https:\/\/blog.bellostes.com\/?p=1748"},"modified":"2009-04-28T13:46:28","modified_gmt":"2009-04-28T18:46:28","slug":"gris-sobre-blanco-ceip-lluis-vives-primary-school","status":"publish","type":"post","link":"https:\/\/blog.bellostes.com\/?p=1748","title":{"rendered":"gris sobre blanco &#8211; \u00abceip Llu\u00eds Vives\u00bb primary school"},"content":{"rendered":"<p><a href=\"https:\/\/blog.bellostes.com\/media\/ceip-lluis-vives-2.png\"><img loading=\"lazy\" decoding=\"async\" width=\"675\" height=\"212\" class=\"alignnone size-full wp-image-1815\" title=\"ceip-lluis-vives-2\" src=\"https:\/\/blog.bellostes.com\/media\/ceip-lluis-vives-2.png\" alt=\"\" srcset=\"https:\/\/blog.bellostes.com\/media\/ceip-lluis-vives-2.png 675w, https:\/\/blog.bellostes.com\/media\/ceip-lluis-vives-2-330x103.png 330w\" sizes=\"auto, (max-width: 675px) 100vw, 675px\" \/><\/a><\/p>\n<p>\u00abCEIP Llu\u00eds Vives\u00bb primary school in castelldefels, Barcelona-Sp (2006). Arquitectura, Estudio Carme Pin\u00f3s . Fotograf\u00edas, Duccio Malgamba (<a href=\"http:\/\/www.ducciomalagamba.es\/proyectos.php?IdProyecto=390&amp;Idioma=Cs\">ver el reportaje de fotograf\u00edas<\/a>) y castelldefels.org (fotograf\u00eda de la maqueta).<\/p>\n<p>La volumetr\u00eda del proyecto parte de la posici\u00f3n de la parcela que limita por un lado con la via ferrea, por lo que el edificio se propone como una pantalla acustica que amortigua el ruido del tren en la zona de juegos.<\/p>\n<p><a href=\"https:\/\/blog.bellostes.com\/media\/ceip-lluis-vives.png\"><img loading=\"lazy\" decoding=\"async\" width=\"675\" height=\"202\" class=\"alignnone size-full wp-image-1813\" title=\"ceip-lluis-vives\" src=\"https:\/\/blog.bellostes.com\/media\/ceip-lluis-vives.png\" alt=\"\" srcset=\"https:\/\/blog.bellostes.com\/media\/ceip-lluis-vives.png 675w, https:\/\/blog.bellostes.com\/media\/ceip-lluis-vives-330x98.png 330w\" sizes=\"auto, (max-width: 675px) 100vw, 675px\" \/><\/a><\/p>\n<div dir=\"ltr\">En la planta baja, se han distribuido los espacios comunes y en las plantas superiores las aulas abiertas al patio y con el corredor (galer\u00eda) paralelo a las v\u00edas.<\/div>\n<p><a href=\"https:\/\/blog.bellostes.com\/media\/ceip-lluis-vives-3.png\"><img loading=\"lazy\" decoding=\"async\" width=\"675\" height=\"213\" class=\"alignnone size-full wp-image-1816\" title=\"ceip-lluis-vives-3\" src=\"https:\/\/blog.bellostes.com\/media\/ceip-lluis-vives-3.png\" alt=\"\" srcset=\"https:\/\/blog.bellostes.com\/media\/ceip-lluis-vives-3.png 675w, https:\/\/blog.bellostes.com\/media\/ceip-lluis-vives-3-330x104.png 330w\" sizes=\"auto, (max-width: 675px) 100vw, 675px\" \/><\/a><\/p>\n<p>La segregaci\u00f3n de usos por plantas se refleja en la composici\u00f3n de las fachadas, paralelas a la calle, donde la planta baja se retrae formando un z\u00f3calo sobre el que se apoya el cuerpo gris y homog\u00e9neo de las plantas superiores, donde las aberturas se han agrupado formado grandes ventanales, lo que permite que la zona del corredor (galer\u00eda) quede inundada de luz natural.<\/p>\n<p>+ <a href=\"http:\/\/www.cpinos.com\/new\/english\/home-eng.html\">\u00abCEIP Llu\u00eds Vives\u00bb primary school &#8211; Estudio Carme Pin\u00f3s<\/a> (reportaje de fotograf\u00edas y plantas, en flash)<br \/>\n+ <a href=\"http:\/\/europaconcorsi.com\/projects\/73059\">\u00abCEIP Llu\u00eds Vives\u00bb primary school &#8211; Europaconcorsi<\/a> (Art\u00edculo con texto, ficha t\u00e9cnica y fotograf\u00edas)<\/p>\n","protected":false},"excerpt":{"rendered":"<p>\u00abCEIP Llu\u00eds Vives\u00bb primary school in castelldefels, Barcelona-Sp (2006). Arquitectura, Estudio Carme Pin\u00f3s . Fotograf\u00edas, Duccio Malgamba (ver el reportaje de fotograf\u00edas) y castelldefels.org (fotograf\u00eda de la maqueta). La volumetr\u00eda del proyecto parte de la posici\u00f3n de la parcela que &hellip; <a href=\"https:\/\/blog.bellostes.com\/?p=1748\">Continua leyendo <span class=\"meta-nav\">&raquo;<\/span><\/a><\/p>\n","protected":false},"author":1,"featured_media":0,"comment_status":"open","ping_status":"open","sticky":false,"template":"","format":"standard","meta":{"footnotes":""},"categories":[7,33],"tags":[74],"class_list":["post-1748","post","type-post","status-publish","format-standard","hentry","category-arquitects","category-proyectos-equipamientos-educativos","tag-escuelas"],"_links":{"self":[{"href":"https:\/\/blog.bellostes.com\/index.php?rest_route=\/wp\/v2\/posts\/1748","targetHints":{"allow":["GET"]}}],"collection":[{"href":"https:\/\/blog.bellostes.com\/index.php?rest_route=\/wp\/v2\/posts"}],"about":[{"href":"https:\/\/blog.bellostes.com\/index.php?rest_route=\/wp\/v2\/types\/post"}],"author":[{"embeddable":true,"href":"https:\/\/blog.bellostes.com\/index.php?rest_route=\/wp\/v2\/users\/1"}],"replies":[{"embeddable":true,"href":"https:\/\/blog.bellostes.com\/index.php?rest_route=%2Fwp%2Fv2%2Fcomments&post=1748"}],"version-history":[{"count":0,"href":"https:\/\/blog.bellostes.com\/index.php?rest_route=\/wp\/v2\/posts\/1748\/revisions"}],"wp:attachment":[{"href":"https:\/\/blog.bellostes.com\/index.php?rest_route=%2Fwp%2Fv2%2Fmedia&parent=1748"}],"wp:term":[{"taxonomy":"category","embeddable":true,"href":"https:\/\/blog.bellostes.com\/index.php?rest_route=%2Fwp%2Fv2%2Fcategories&post=1748"},{"taxonomy":"post_tag","embeddable":true,"href":"https:\/\/blog.bellostes.com\/index.php?rest_route=%2Fwp%2Fv2%2Ftags&post=1748"}],"curies":[{"name":"wp","href":"https:\/\/api.w.org\/{rel}","templated":true}]}}