{"id":18673,"date":"2011-12-23T11:27:20","date_gmt":"2011-12-23T10:27:20","guid":{"rendered":"https:\/\/blog.bellostes.com\/?p=18673"},"modified":"2012-03-12T19:11:22","modified_gmt":"2012-03-12T18:11:22","slug":"la-casa-de-los-dias-calendario-2012-the-house-of-the-days-2012-calendar-2","status":"publish","type":"post","link":"https:\/\/blog.bellostes.com\/?p=18673","title":{"rendered":"la casa de los d\u00edas, calendario 2012 &#8211; the house of the days, 2012 calendar"},"content":{"rendered":"<p><a rel=\"attachment wp-att-18684\" href=\"https:\/\/blog.bellostes.com\/?attachment_id=18684\"><img loading=\"lazy\" decoding=\"async\" title=\"la casa de los dias 014\" src=\"..\/media\/la-casa-de-los-dias-014.png\" alt=\"\" width=\"675\" height=\"198\" \/><\/a><\/p>\n<p>The house of the days, 2012 calendar. Arquitectura, Judit Bellostes. Fotograf\u00edas, Eduard Diaz.<\/p>\n<p>Habitamos el tiempo, en la secuencia infinita de instantes cotidianos  que preceden, precipitan y anticipan las estancias conocidas y  encontradas en la sucesi\u00f3n de momentos ef\u00edmeros que construye todos  los d\u00edas.<\/p>\n<p><a rel=\"attachment wp-att-18685\" href=\"https:\/\/blog.bellostes.com\/?attachment_id=18685\"><img loading=\"lazy\" decoding=\"async\" title=\"la casa de los dias 012\" src=\"..\/media\/la-casa-de-los-dias-012.png\" alt=\"\" width=\"675\" height=\"198\" \/><\/a><\/p>\n<p>Habitamos un tiempo de estaciones, de soles y lunas, de recorridos   c\u00edclicos, cifrados y ordenados para construir un paisaje inh\u00f3spito de   calendarios y  agendas&#8230; de situaciones numeradas que esperan a ser    alcanzadas y ocupadas, en este lugar que se torna cotidiano,\u00a0 justo en el preciso instante de la acci\u00f3n presente.<\/p>\n<p><a rel=\"attachment wp-att-18686\" href=\"https:\/\/blog.bellostes.com\/?attachment_id=18686\"><img loading=\"lazy\" decoding=\"async\" title=\"la casa de los dias 011\" src=\"..\/media\/la-casa-de-los-dias-011.png\" alt=\"\" width=\"675\" height=\"199\" \/><\/a><\/p>\n<p>\u00abLa casa de los d\u00edas\u00bb es un calendario-paisaje domestico de los d\u00edas   que imaginamos compartidos con vosotros, una forma de agradecer vuestra   presencia en este lugar-blog y de desearos buenas fiestas y mejor a\u00f1o   2012.<\/p>\n<p><a rel=\"attachment wp-att-18715\" href=\"https:\/\/blog.bellostes.com\/?attachment_id=18715\"><img loading=\"lazy\" decoding=\"async\" class=\"alignnone size-full wp-image-18715\" title=\"la casa de los dias 015\" src=\"https:\/\/blog.bellostes.com\/media\/la-casa-de-los-dias-015.png\" alt=\"\" width=\"675\" height=\"193\" srcset=\"https:\/\/blog.bellostes.com\/media\/la-casa-de-los-dias-015.png 675w, https:\/\/blog.bellostes.com\/media\/la-casa-de-los-dias-015-330x94.png 330w\" sizes=\"auto, (max-width: 675px) 100vw, 675px\" \/><\/a><\/p>\n<p>Como otras \u00abmicro-arquitecturas\u00bb de papel que hemos publicado en el  blog, es tambi\u00e9n un recortable, que pod\u00e9is descargar en formato pdf,  imprimir, recortar, plegar, montar, pegar y&#8230; habitar.<\/p>\n<p>+ <a href=\"https:\/\/blog.bellostes.com\/media\/la-casa-de-los-dias-2012.pdf\">La casa de los d\u00edas, calendario 2012 &#8211; Judit Bellostes<\/a> (descargar el recortable con las instrucciones en formato pdf)<br \/>\n+ <a href=\"https:\/\/picasaweb.google.com\/116621542497125698473\/LaCasaDeLosDiasCalendario2012TheHouseOfTheDays2012Calendar\">La casa de los d\u00edas, calendario 2012 &#8211; galer\u00eda de judit bellostes en picasa<\/a> (reportaje de fotograf\u00edas)<\/p>\n","protected":false},"excerpt":{"rendered":"<p>The house of the days, 2012 calendar. Arquitectura, Judit Bellostes. Fotograf\u00edas, Eduard Diaz. Habitamos el tiempo, en la secuencia infinita de instantes cotidianos que preceden, precipitan y anticipan las estancias conocidas y encontradas en la sucesi\u00f3n de momentos ef\u00edmeros que &hellip; <a href=\"https:\/\/blog.bellostes.com\/?p=18673\">Continua leyendo <span class=\"meta-nav\">&raquo;<\/span><\/a><\/p>\n","protected":false},"author":1,"featured_media":0,"comment_status":"open","ping_status":"open","sticky":false,"template":"","format":"standard","meta":{"footnotes":""},"categories":[133,7,20,43,140,19],"tags":[],"class_list":["post-18673","post","type-post","status-publish","format-standard","hentry","category-acerca-del-blog-bellotes","category-arquitects","category-arquitectura-efimera","category-arquitectura-de-carton","category-arquitectura-y-origami","category-revistas"],"_links":{"self":[{"href":"https:\/\/blog.bellostes.com\/index.php?rest_route=\/wp\/v2\/posts\/18673","targetHints":{"allow":["GET"]}}],"collection":[{"href":"https:\/\/blog.bellostes.com\/index.php?rest_route=\/wp\/v2\/posts"}],"about":[{"href":"https:\/\/blog.bellostes.com\/index.php?rest_route=\/wp\/v2\/types\/post"}],"author":[{"embeddable":true,"href":"https:\/\/blog.bellostes.com\/index.php?rest_route=\/wp\/v2\/users\/1"}],"replies":[{"embeddable":true,"href":"https:\/\/blog.bellostes.com\/index.php?rest_route=%2Fwp%2Fv2%2Fcomments&post=18673"}],"version-history":[{"count":48,"href":"https:\/\/blog.bellostes.com\/index.php?rest_route=\/wp\/v2\/posts\/18673\/revisions"}],"predecessor-version":[{"id":19861,"href":"https:\/\/blog.bellostes.com\/index.php?rest_route=\/wp\/v2\/posts\/18673\/revisions\/19861"}],"wp:attachment":[{"href":"https:\/\/blog.bellostes.com\/index.php?rest_route=%2Fwp%2Fv2%2Fmedia&parent=18673"}],"wp:term":[{"taxonomy":"category","embeddable":true,"href":"https:\/\/blog.bellostes.com\/index.php?rest_route=%2Fwp%2Fv2%2Fcategories&post=18673"},{"taxonomy":"post_tag","embeddable":true,"href":"https:\/\/blog.bellostes.com\/index.php?rest_route=%2Fwp%2Fv2%2Ftags&post=18673"}],"curies":[{"name":"wp","href":"https:\/\/api.w.org\/{rel}","templated":true}]}}