{"id":19454,"date":"2012-02-22T10:58:34","date_gmt":"2012-02-22T09:58:34","guid":{"rendered":"https:\/\/blog.bellostes.com\/?p=19454"},"modified":"2016-06-07T20:17:35","modified_gmt":"2016-06-07T18:17:35","slug":"transparencias-en-amarillo-edp-prix-installation","status":"publish","type":"post","link":"https:\/\/blog.bellostes.com\/?p=19454","title":{"rendered":"transparencias en amarillo &#8211; edp prix, installation"},"content":{"rendered":"<p><a href=\"https:\/\/blog.bellostes.com\/media\/EDP-prix-installation-.png\"><img loading=\"lazy\" decoding=\"async\" class=\"alignnone size-full wp-image-19461\" title=\"EDP prix, installation\" src=\"https:\/\/blog.bellostes.com\/media\/EDP-prix-installation-.png\" alt=\"\" width=\"675\" height=\"200\" srcset=\"https:\/\/blog.bellostes.com\/media\/EDP-prix-installation-.png 675w, https:\/\/blog.bellostes.com\/media\/EDP-prix-installation--330x97.png 330w\" sizes=\"auto, (max-width: 675px) 100vw, 675px\" \/><\/a><\/p>\n<p>EDP prix, installation (Novos Artistas 2011\/Museu da Electricidade) Lisboa &#8211; Portugal (2011). Arquitectura, Ricardo Carvalho, Joana Vilhena.\u00a0 Fotograf\u00edas, Fernando Guerra\/ FG+SG. transparencias en amarillo<\/p>\n<p>La instalaci\u00f3n acompa\u00f1a, ti\u00f1e y ordena el espacio expositivo destinado a la muestra de las nuevas obras seleccionadas por el premio \u00ab<a href=\"http:\/\/www.edp.pt\/pt\/sustentabilidade\/fundacoes\/fundacaoedp\/programas\/Pages\/EDPNovosArtistas.aspx\">EDP, Novos Artistas 2011<\/a>\u00bb junto con un \u00e1rea de consulta de los cat\u00e1logos publicados por los artistas.<\/p>\n<p><a href=\"https:\/\/blog.bellostes.com\/media\/EDP-prix-installation-01-.png\"><img loading=\"lazy\" decoding=\"async\" class=\"alignnone size-full wp-image-19462\" title=\"EDP prix, installation 01\" src=\"https:\/\/blog.bellostes.com\/media\/EDP-prix-installation-01-.png\" alt=\"\" width=\"675\" height=\"192\" srcset=\"https:\/\/blog.bellostes.com\/media\/EDP-prix-installation-01-.png 675w, https:\/\/blog.bellostes.com\/media\/EDP-prix-installation-01--330x93.png 330w\" sizes=\"auto, (max-width: 675px) 100vw, 675px\" \/><\/a><\/p>\n<p>La diferentes caracter\u00edsticas de las obras seleccionadas, as\u00ed como su disposici\u00f3n y los recorridos resultantes dentro del espacio \u00fanico de la nave del \u00ab<a href=\"http:\/\/www.edp.pt\/pt\/sustentabilidade\/fundacoes\/fundacaoedp\/museudaelectricidade\/Pages\/MuseuElectricidade.aspx\">Museu da Electricidade<\/a>\u00bb motivaron la delimitaci\u00f3n f\u00edsica entre dos \u00e1reas,\u00a0 incorporando un nuevo per\u00edmetro formado por planos o telones de pl\u00e1stico trasparente, de color amarillo, montado fijado en la estructura de bigas y pilares de acero preexistentes.<\/p>\n<p>M\u00e1s informaci\u00f3n:<\/p>\n<p>+ <a href=\"http:\/\/www.rcjv.com\/proj_rcjv_20.html\">EDP prix, installation &#8211; Carvalho Vilhena<\/a> (descripci\u00f3n con fotograf\u00edas)<br \/>\n+ <a href=\"http:\/\/www.ultimasreportagens.com\/530.php\">EDP prix, installation &#8211; Ultimas Reportagens<\/a> (reportaje de fotograf\u00edas)<\/p>\n","protected":false},"excerpt":{"rendered":"<p>EDP prix, installation (Novos Artistas 2011\/Museu da Electricidade) Lisboa &#8211; Portugal (2011). Arquitectura, Ricardo Carvalho, Joana Vilhena.\u00a0 Fotograf\u00edas, Fernando Guerra\/ FG+SG. transparencias en amarillo La instalaci\u00f3n acompa\u00f1a, ti\u00f1e y ordena el espacio expositivo destinado a la muestra de las nuevas &hellip; <a href=\"https:\/\/blog.bellostes.com\/?p=19454\">Continua leyendo <span class=\"meta-nav\">&raquo;<\/span><\/a><\/p>\n","protected":false},"author":1,"featured_media":0,"comment_status":"open","ping_status":"open","sticky":false,"template":"","format":"standard","meta":{"footnotes":""},"categories":[7,20,27,60,24,37],"tags":[130],"class_list":["post-19454","post","type-post","status-publish","format-standard","hentry","category-arquitects","category-arquitectura-efimera","category-arquitectura-y-color","category-arquitectura-y-plastico","category-exposiciones","category-proyectos-espacios-culturales","tag-exposiciones-2"],"_links":{"self":[{"href":"https:\/\/blog.bellostes.com\/index.php?rest_route=\/wp\/v2\/posts\/19454","targetHints":{"allow":["GET"]}}],"collection":[{"href":"https:\/\/blog.bellostes.com\/index.php?rest_route=\/wp\/v2\/posts"}],"about":[{"href":"https:\/\/blog.bellostes.com\/index.php?rest_route=\/wp\/v2\/types\/post"}],"author":[{"embeddable":true,"href":"https:\/\/blog.bellostes.com\/index.php?rest_route=\/wp\/v2\/users\/1"}],"replies":[{"embeddable":true,"href":"https:\/\/blog.bellostes.com\/index.php?rest_route=%2Fwp%2Fv2%2Fcomments&post=19454"}],"version-history":[{"count":17,"href":"https:\/\/blog.bellostes.com\/index.php?rest_route=\/wp\/v2\/posts\/19454\/revisions"}],"predecessor-version":[{"id":30347,"href":"https:\/\/blog.bellostes.com\/index.php?rest_route=\/wp\/v2\/posts\/19454\/revisions\/30347"}],"wp:attachment":[{"href":"https:\/\/blog.bellostes.com\/index.php?rest_route=%2Fwp%2Fv2%2Fmedia&parent=19454"}],"wp:term":[{"taxonomy":"category","embeddable":true,"href":"https:\/\/blog.bellostes.com\/index.php?rest_route=%2Fwp%2Fv2%2Fcategories&post=19454"},{"taxonomy":"post_tag","embeddable":true,"href":"https:\/\/blog.bellostes.com\/index.php?rest_route=%2Fwp%2Fv2%2Ftags&post=19454"}],"curies":[{"name":"wp","href":"https:\/\/api.w.org\/{rel}","templated":true}]}}