{"id":19555,"date":"2012-02-28T11:39:48","date_gmt":"2012-02-28T10:39:48","guid":{"rendered":"https:\/\/blog.bellostes.com\/?p=19555"},"modified":"2012-02-28T11:39:48","modified_gmt":"2012-02-28T10:39:48","slug":"pausa-cromatica-forest-shadow","status":"publish","type":"post","link":"https:\/\/blog.bellostes.com\/?p=19555","title":{"rendered":"pausa crom\u00e1tica &#8211; forest shadow"},"content":{"rendered":"<p><a href=\"https:\/\/blog.bellostes.com\/media\/forest-shadow.png\"><img loading=\"lazy\" decoding=\"async\" class=\"alignnone size-full wp-image-19593\" title=\"forest shadow\" src=\"https:\/\/blog.bellostes.com\/media\/forest-shadow.png\" alt=\"\" width=\"674\" height=\"197\" srcset=\"https:\/\/blog.bellostes.com\/media\/forest-shadow.png 674w, https:\/\/blog.bellostes.com\/media\/forest-shadow-330x96.png 330w\" sizes=\"auto, (max-width: 674px) 100vw, 674px\" \/><\/a><\/p>\n<p>Forest Shadow, (Mount Rokko, rokko meets art) Kobe \u2013 Japan (2011). Arquitectura, Tomohior Hata architects y Takashi Manda . Fotograf\u00edas, hata-archi.com<\/p>\n<p>La instalaci\u00f3n temporal \u00abBosque de sombras\u00bb formo parte de una exposici\u00f3n al aire libre organizada por \u00ab<a href=\"http:\/\/rokkomeetsart.blogspot.com\/\">Rokko meets art<\/a>\u00ab, una iniciativa destinada a incrementar la oferta turistico-cultural del parque bot\u00e1nico del monte Rokko.<\/p>\n<p><a href=\"https:\/\/blog.bellostes.com\/media\/forest-shadow-01.png\"><img loading=\"lazy\" decoding=\"async\" class=\"alignnone size-full wp-image-19594\" title=\"forest shadow 01\" src=\"https:\/\/blog.bellostes.com\/media\/forest-shadow-01.png\" alt=\"\" width=\"675\" height=\"191\" srcset=\"https:\/\/blog.bellostes.com\/media\/forest-shadow-01.png 675w, https:\/\/blog.bellostes.com\/media\/forest-shadow-01-330x93.png 330w\" sizes=\"auto, (max-width: 675px) 100vw, 675px\" \/><\/a><\/p>\n<p>La incorporaci\u00f3n de una sencilla estructura de barras de acero que sujetan un techo textil, semi-c\u00fabico, construido con lona de poli\u00e9ster blanca transl\u00facida, situada sobre una roca preexistente, introduce una pausa crom\u00e1tica disonante en el contexto del bosque, sentado en la roca la mirada del visitante se sumerge en una compasi\u00f3n din\u00e1mica de luces y sombran, de blancos te\u00f1ido por infinitos tonos grises, la percepci\u00f3n del lugar se matizada y dispersa entre los susurros de la brisa.<\/p>\n<p>M\u00e1s informaci\u00f3n:<\/p>\n<p>+ <a href=\"http:\/\/www.hata-archi.com\/works02\/rokkou\/index.html\">Forest Shadow &#8211; Tomohior Hata architects<\/a> (descripci\u00f3n con fotograf\u00edas e <a href=\"http:\/\/hataarchi.exblog.jp\/15422200\/\">ilustraci\u00f3n<\/a>)<br \/>\n+ <a href=\"http:\/\/www.designboom.com\/weblog\/cat\/30\/view\/17340\/tomohiro-hata-takashi-manda-forest-shadow.html\">Forest Shadow &#8211; designboom<\/a> (descripci\u00f3n con fotograf\u00edas)<\/p>\n","protected":false},"excerpt":{"rendered":"<p>Forest Shadow, (Mount Rokko, rokko meets art) Kobe \u2013 Japan (2011). Arquitectura, Tomohior Hata architects y Takashi Manda . Fotograf\u00edas, hata-archi.com La instalaci\u00f3n temporal \u00abBosque de sombras\u00bb formo parte de una exposici\u00f3n al aire libre organizada por \u00abRokko meets art\u00ab, &hellip; <a href=\"https:\/\/blog.bellostes.com\/?p=19555\">Continua leyendo <span class=\"meta-nav\">&raquo;<\/span><\/a><\/p>\n","protected":false},"author":1,"featured_media":0,"comment_status":"open","ping_status":"open","sticky":false,"template":"","format":"standard","meta":{"footnotes":""},"categories":[7,20,59,80,24],"tags":[93],"class_list":["post-19555","post","type-post","status-publish","format-standard","hentry","category-arquitects","category-arquitectura-efimera","category-arquitectura-textil","category-arquitectura-y-espacios-naturales","category-exposiciones","tag-pabellones-temporales"],"_links":{"self":[{"href":"https:\/\/blog.bellostes.com\/index.php?rest_route=\/wp\/v2\/posts\/19555","targetHints":{"allow":["GET"]}}],"collection":[{"href":"https:\/\/blog.bellostes.com\/index.php?rest_route=\/wp\/v2\/posts"}],"about":[{"href":"https:\/\/blog.bellostes.com\/index.php?rest_route=\/wp\/v2\/types\/post"}],"author":[{"embeddable":true,"href":"https:\/\/blog.bellostes.com\/index.php?rest_route=\/wp\/v2\/users\/1"}],"replies":[{"embeddable":true,"href":"https:\/\/blog.bellostes.com\/index.php?rest_route=%2Fwp%2Fv2%2Fcomments&post=19555"}],"version-history":[{"count":16,"href":"https:\/\/blog.bellostes.com\/index.php?rest_route=\/wp\/v2\/posts\/19555\/revisions"}],"predecessor-version":[{"id":19604,"href":"https:\/\/blog.bellostes.com\/index.php?rest_route=\/wp\/v2\/posts\/19555\/revisions\/19604"}],"wp:attachment":[{"href":"https:\/\/blog.bellostes.com\/index.php?rest_route=%2Fwp%2Fv2%2Fmedia&parent=19555"}],"wp:term":[{"taxonomy":"category","embeddable":true,"href":"https:\/\/blog.bellostes.com\/index.php?rest_route=%2Fwp%2Fv2%2Fcategories&post=19555"},{"taxonomy":"post_tag","embeddable":true,"href":"https:\/\/blog.bellostes.com\/index.php?rest_route=%2Fwp%2Fv2%2Ftags&post=19555"}],"curies":[{"name":"wp","href":"https:\/\/api.w.org\/{rel}","templated":true}]}}