{"id":19852,"date":"2012-03-15T14:58:18","date_gmt":"2012-03-15T13:58:18","guid":{"rendered":"https:\/\/blog.bellostes.com\/?p=19852"},"modified":"2012-03-15T14:58:18","modified_gmt":"2012-03-15T13:58:18","slug":"casa-escuela-kumon-private-school","status":"publish","type":"post","link":"https:\/\/blog.bellostes.com\/?p=19852","title":{"rendered":"casa escuela &#8211; kumon private school"},"content":{"rendered":"<p><a href=\"..\/media\/kumon-private-school-01.png\"><img loading=\"lazy\" decoding=\"async\" title=\"kumon private school 01\" src=\"..\/media\/kumon-private-school-01.png\" alt=\"\" width=\"675\" height=\"200\" \/><\/a><\/p>\n<p>Kumon Private School, Kyoto &#8211; Japan (2011). Arquitectura: Takashi Yonezawa \u00abHAP+\u00bb. Fotograf\u00edas, Satoshi Shigeta.<\/p>\n<p>El proyecto del nuevo recinto para la escuela privada \u00abKumo\u00bb afronta dos condicionantes previos, por un lado las caracter\u00edsticas del solar: una parcela rectangular, encajada  entre dos calles a diferentes niveles y una pared medianera lateral, y por el otro, el m\u00e9todo pedag\u00f3gico propio de las escuelas \u00ab<a href=\"http:\/\/en.wikipedia.org\/wiki\/Kumon\">Kumon<\/a>\u00bb creado por el educador \u00ab<a href=\"http:\/\/en.wikipedia.org\/wiki\/Toru_Kumon\">Toru Kumon<\/a>\u00ab, donde cada ni\u00f1o aprende en funci\u00f3n de sus intereses y cualidades personales, en un entorno no segregado.<\/p>\n<p><a href=\"https:\/\/blog.bellostes.com\/media\/kumon-private-school-02.png\"><img loading=\"lazy\" decoding=\"async\" class=\"alignnone size-full wp-image-19919\" title=\"kumon private school 02\" src=\"https:\/\/blog.bellostes.com\/media\/kumon-private-school-02.png\" alt=\"\" width=\"675\" height=\"198\" srcset=\"https:\/\/blog.bellostes.com\/media\/kumon-private-school-02.png 675w, https:\/\/blog.bellostes.com\/media\/kumon-private-school-02-330x96.png 330w\" sizes=\"auto, (max-width: 675px) 100vw, 675px\" \/><\/a><\/p>\n<p>As\u00ed el edificio de la escuela se plantea con un lugar de encuentro e interacci\u00f3n social, de aprendizaje y convivencia, equiparable al espacio dom\u00e9stico, una analog\u00eda que justifica la soluci\u00f3n de un cuerpo compacto de planta rectangular y cubierta a dos aguas.<\/p>\n<p><a href=\"https:\/\/blog.bellostes.com\/media\/kumon-private-school.png\"><img loading=\"lazy\" decoding=\"async\" class=\"alignnone size-full wp-image-19920\" title=\"kumon private school\" src=\"https:\/\/blog.bellostes.com\/media\/kumon-private-school.png\" alt=\"\" width=\"673\" height=\"163\" srcset=\"https:\/\/blog.bellostes.com\/media\/kumon-private-school.png 673w, https:\/\/blog.bellostes.com\/media\/kumon-private-school-330x79.png 330w\" sizes=\"auto, (max-width: 673px) 100vw, 673px\" \/><\/a><\/p>\n<p>Mientras que, tanto las caracter\u00edsticas del solar, como la condici\u00f3n singular del edificio, justifican:<\/p>\n<p>La extensi\u00f3n del espacio de uso en dos alturas, lo que permite que, parte de la parcela pueda ser destinada a espacio de juego, la posibilidad de disponer de una gran abertura lateral en la planta baja y de un punto de acceso en cada calle, jugando as\u00ed con el desnivel preexistente.<\/p>\n<p>Y que la cubierta a dos aguas se proyecte hacia el cielo, subrayando la singularidad del equipamiento y ofreciendo una apariencia dual y diferente para cada calle.<\/p>\n<p>Mas informaci\u00f3n:<\/p>\n<p>+ <a href=\"http:\/\/happlus.main.jp\/news.html#\">Kumon Private School &#8211; Takashi Yonezawa<\/a> (fotograf\u00edas y croquis del proyecto, paginas 21 y 22)<br \/>\n+ <a href=\"http:\/\/www.arquitecturaviva.com\/Cms\/Items\/ItemDetail.aspx?ID=3302\">Kumon Private School &#8211; Arquitectura Viva<\/a> (art\u00edculo breve con fotograf\u00edas)<\/p>\n","protected":false},"excerpt":{"rendered":"<p>Kumon Private School, Kyoto &#8211; Japan (2011). Arquitectura: Takashi Yonezawa \u00abHAP+\u00bb. Fotograf\u00edas, Satoshi Shigeta. El proyecto del nuevo recinto para la escuela privada \u00abKumo\u00bb afronta dos condicionantes previos, por un lado las caracter\u00edsticas del solar: una parcela rectangular, encajada entre &hellip; <a href=\"https:\/\/blog.bellostes.com\/?p=19852\">Continua leyendo <span class=\"meta-nav\">&raquo;<\/span><\/a><\/p>\n","protected":false},"author":1,"featured_media":0,"comment_status":"open","ping_status":"open","sticky":false,"template":"","format":"standard","meta":{"footnotes":""},"categories":[7,33],"tags":[74],"class_list":["post-19852","post","type-post","status-publish","format-standard","hentry","category-arquitects","category-proyectos-equipamientos-educativos","tag-escuelas"],"_links":{"self":[{"href":"https:\/\/blog.bellostes.com\/index.php?rest_route=\/wp\/v2\/posts\/19852","targetHints":{"allow":["GET"]}}],"collection":[{"href":"https:\/\/blog.bellostes.com\/index.php?rest_route=\/wp\/v2\/posts"}],"about":[{"href":"https:\/\/blog.bellostes.com\/index.php?rest_route=\/wp\/v2\/types\/post"}],"author":[{"embeddable":true,"href":"https:\/\/blog.bellostes.com\/index.php?rest_route=\/wp\/v2\/users\/1"}],"replies":[{"embeddable":true,"href":"https:\/\/blog.bellostes.com\/index.php?rest_route=%2Fwp%2Fv2%2Fcomments&post=19852"}],"version-history":[{"count":14,"href":"https:\/\/blog.bellostes.com\/index.php?rest_route=\/wp\/v2\/posts\/19852\/revisions"}],"predecessor-version":[{"id":19931,"href":"https:\/\/blog.bellostes.com\/index.php?rest_route=\/wp\/v2\/posts\/19852\/revisions\/19931"}],"wp:attachment":[{"href":"https:\/\/blog.bellostes.com\/index.php?rest_route=%2Fwp%2Fv2%2Fmedia&parent=19852"}],"wp:term":[{"taxonomy":"category","embeddable":true,"href":"https:\/\/blog.bellostes.com\/index.php?rest_route=%2Fwp%2Fv2%2Fcategories&post=19852"},{"taxonomy":"post_tag","embeddable":true,"href":"https:\/\/blog.bellostes.com\/index.php?rest_route=%2Fwp%2Fv2%2Ftags&post=19852"}],"curies":[{"name":"wp","href":"https:\/\/api.w.org\/{rel}","templated":true}]}}