{"id":19980,"date":"2012-03-19T16:57:53","date_gmt":"2012-03-19T15:57:53","guid":{"rendered":"https:\/\/blog.bellostes.com\/?p=19980"},"modified":"2013-01-23T13:17:19","modified_gmt":"2013-01-23T12:17:19","slug":"publicaciones-de-arquitectura-at-38-strategy-and-tactics-in-public-space","status":"publish","type":"post","link":"https:\/\/blog.bellostes.com\/?p=19980","title":{"rendered":"publicaciones de arquitectura &#8211; a+t 38 strategy and tactics in public space"},"content":{"rendered":"<p><a href=\"https:\/\/blog.bellostes.com\/media\/Superkilen-urban-park.png\"><img loading=\"lazy\" decoding=\"async\" class=\"alignnone size-full wp-image-19985\" title=\"Superkilen, urban park\" src=\"https:\/\/blog.bellostes.com\/media\/Superkilen-urban-park.png\" alt=\"\" width=\"675\" height=\"197\" srcset=\"https:\/\/blog.bellostes.com\/media\/Superkilen-urban-park.png 675w, https:\/\/blog.bellostes.com\/media\/Superkilen-urban-park-330x96.png 330w\" sizes=\"auto, (max-width: 675px) 100vw, 675px\" \/><\/a><\/p>\n<p>N\u00famero 38 de la \u00ab<a href=\"http:\/\/aplust.net\/tienda.php?seccion=revistas\">revista a+t<\/a>\u00bb cierra la triolog\u00eda dedicada a serie \u00ab<a href=\"http:\/\/aplust.net\/tienda.php?seccion=revistas&amp;serie=Serie%20STRATEGY\">strategy<\/a>\u00bb dedicada a las estrategias del proyecto arquitect\u00f3nico aplicadas a la construcci\u00f3n material y del sentido del espacio publico.<\/p>\n<p>Es posible que una sociedad pueda ser conocida y descrita a trav\u00e9s de las caracter\u00edsticas propias de sus espacios p\u00fablicos, e incluso llegar a definir una cultura, como la de la \u00abroma antigua\u00bb que da forma y contenido a diferentes lugares de uso p\u00fablicos: equipamientos como bas\u00edlicas, termas, teatros, anfiteatros, etc.\u00a0 plazas o foros, calzadas, monumentos, etc. que en conjunto definen una serie de lugares de comunicaci\u00f3n, intercambio, organizaci\u00f3n y en una sociedad tan diversa como la romana, de cohesi\u00f3n social.<\/p>\n<p><a href=\"https:\/\/blog.bellostes.com\/media\/Superkilen-urban-park-01.png\"><img loading=\"lazy\" decoding=\"async\" class=\"alignnone size-full wp-image-19986\" title=\"Superkilen, urban park 01\" src=\"https:\/\/blog.bellostes.com\/media\/Superkilen-urban-park-01.png\" alt=\"\" width=\"675\" height=\"199\" srcset=\"https:\/\/blog.bellostes.com\/media\/Superkilen-urban-park-01.png 675w, https:\/\/blog.bellostes.com\/media\/Superkilen-urban-park-01-330x97.png 330w\" sizes=\"auto, (max-width: 675px) 100vw, 675px\" \/><\/a><\/p>\n<p>En este sentido la magnitud de los lugares p\u00fablicos sugiere una estrategia inclusiva que podr\u00edamos resumir con el lema \u00abhay espacio para todos, un lugar para cada uno\u00bb\u00a0 una estrategia de orden social, que se articula con la amplitud junto con la concreci\u00f3n de los uso de los lugares p\u00fablicos con los que se determina una identidad formal y nominal.<\/p>\n<p>Es esta, una forma de entender lo p\u00fablico que se disipa o redefine a lo largo del tiempo en funci\u00f3n de los cambios culturales que nos sit\u00faan en la realidad de este nuestro presente compartido de culturas e intereses diversos que coinciden e interact\u00faan en un mismo espacio publico, que dif\u00edcilmente consigue dar respuesta, a la posibilidad, de ese espacio inclusivo a la vez que personal, una incapacidad que por oposici\u00f3n abre la puerta a la \u00abcompetencia\u00bb por \u00abla apropiaci\u00f3n\u00bb del lugar por parte de unos (privilegiados) que a su implica \u00abla exclusi\u00f3n\u00bb de los otros (desplazados).<\/p>\n<p>Y es en este contexto de intereses encontrados en el que se sit\u00faan los 16 proyectos recogidos en la revista, donde inversiones, beneficios, medios, intenciones y culturas, negocian y dialogan entre s\u00ed para dar cabida a los diferentes lugares p\u00fablicos, que caracterizan y describen nuestra sociedad contempor\u00e1nea.<\/p>\n<p>M\u00e1s informaci\u00f3n:<\/p>\n<p>+<a href=\"http:\/\/aplust.net\/tienda.php?seccion=revistas&amp;idioma=es\"> a+t 38 strategy and tactics in public space \u2013 a+t ediciones<\/a> (descripci\u00f3n, art\u00edculo, p\u00e1ginas de muestra y enlace de venta)<br \/>\n+ <a href=\"http:\/\/es.zinio.com\/browse\/publications\/index.jsp?offer=500423109&amp;productId=500659668&amp;bd=1&amp;WT.mc_id=PUB_www_es_500659668_publisher295319%20&amp;rf=PUB_www_es_500659668\">a+t 38 strategy and tactics in public space &#8211; a+t edici\u00f3n digital<\/a> (ojea la revista pagina a pagina, en la plataforma de venta \u00abzinio\u00bb puedes comprar la revista en formato digital)<\/p>\n<p>La fotograf\u00eda y las ilustraciones son de uno de los proyectos incluidos en la revista,\u00a0 \u00abSuperkilen, urban park in N\u00f8rrebro\u00bb\u00a0 Copenhagen &#8211; Denmark (2011), resultado de la colaboraci\u00f3n entre los estudios \u00ab<a href=\"http:\/\/www.big.dk\/projects\/suk\/\">BIG<\/a>\u00ab, \u00ab<a href=\"http:\/\/www.topotek1.de\/#\/de\/projects\/alphabetical\/110\">Topotek1<\/a>\u00bb y \u00ab<a href=\"http:\/\/superflex.net\/tools\/superkilen\">Superflex<\/a>\u00ab. El espacio tambi\u00e9n tiene un lugar en facebook \u00ab<a href=\"http:\/\/www.facebook.com\/pages\/Superkilen\/153542751360190\">Superkilen\/facebook<\/a>\u00ab. Reportaje de fotograf\u00edas \u00ab<a href=\"http:\/\/www.iwan.com\/photo_Superkilen_Park_Copenhagen_BIG.php\">Iwan Baan<\/a>\u00ab<\/p>\n","protected":false},"excerpt":{"rendered":"<p>N\u00famero 38 de la \u00abrevista a+t\u00bb cierra la triolog\u00eda dedicada a serie \u00abstrategy\u00bb dedicada a las estrategias del proyecto arquitect\u00f3nico aplicadas a la construcci\u00f3n material y del sentido del espacio publico. Es posible que una sociedad pueda ser conocida y &hellip; <a href=\"https:\/\/blog.bellostes.com\/?p=19980\">Continua leyendo <span class=\"meta-nav\">&raquo;<\/span><\/a><\/p>\n","protected":false},"author":1,"featured_media":0,"comment_status":"open","ping_status":"open","sticky":false,"template":"","format":"standard","meta":{"footnotes":""},"categories":[7,27,29,118],"tags":[],"class_list":["post-19980","post","type-post","status-publish","format-standard","hentry","category-arquitects","category-arquitectura-y-color","category-arquitectura-y-espacio-publico","category-publicaciones-libros-y-revistas"],"_links":{"self":[{"href":"https:\/\/blog.bellostes.com\/index.php?rest_route=\/wp\/v2\/posts\/19980","targetHints":{"allow":["GET"]}}],"collection":[{"href":"https:\/\/blog.bellostes.com\/index.php?rest_route=\/wp\/v2\/posts"}],"about":[{"href":"https:\/\/blog.bellostes.com\/index.php?rest_route=\/wp\/v2\/types\/post"}],"author":[{"embeddable":true,"href":"https:\/\/blog.bellostes.com\/index.php?rest_route=\/wp\/v2\/users\/1"}],"replies":[{"embeddable":true,"href":"https:\/\/blog.bellostes.com\/index.php?rest_route=%2Fwp%2Fv2%2Fcomments&post=19980"}],"version-history":[{"count":20,"href":"https:\/\/blog.bellostes.com\/index.php?rest_route=\/wp\/v2\/posts\/19980\/revisions"}],"predecessor-version":[{"id":20005,"href":"https:\/\/blog.bellostes.com\/index.php?rest_route=\/wp\/v2\/posts\/19980\/revisions\/20005"}],"wp:attachment":[{"href":"https:\/\/blog.bellostes.com\/index.php?rest_route=%2Fwp%2Fv2%2Fmedia&parent=19980"}],"wp:term":[{"taxonomy":"category","embeddable":true,"href":"https:\/\/blog.bellostes.com\/index.php?rest_route=%2Fwp%2Fv2%2Fcategories&post=19980"},{"taxonomy":"post_tag","embeddable":true,"href":"https:\/\/blog.bellostes.com\/index.php?rest_route=%2Fwp%2Fv2%2Ftags&post=19980"}],"curies":[{"name":"wp","href":"https:\/\/api.w.org\/{rel}","templated":true}]}}