{"id":20087,"date":"2012-03-28T10:27:25","date_gmt":"2012-03-28T08:27:25","guid":{"rendered":"https:\/\/blog.bellostes.com\/?p=20087"},"modified":"2012-03-27T14:28:10","modified_gmt":"2012-03-27T12:28:10","slug":"acero-corten-en-la-piel-ajangiz-fronton","status":"publish","type":"post","link":"https:\/\/blog.bellostes.com\/?p=20087","title":{"rendered":"acero cort\u00e9n en la piel &#8211; ajangiz fronton"},"content":{"rendered":"<p><a href=\"https:\/\/blog.bellostes.com\/media\/Ajangiz-fronton.png\"><img loading=\"lazy\" decoding=\"async\" class=\"alignnone size-full wp-image-20167\" title=\"Ajangiz fronton\" src=\"https:\/\/blog.bellostes.com\/media\/Ajangiz-fronton.png\" alt=\"\" width=\"675\" height=\"199\" srcset=\"https:\/\/blog.bellostes.com\/media\/Ajangiz-fronton.png 675w, https:\/\/blog.bellostes.com\/media\/Ajangiz-fronton-330x97.png 330w\" sizes=\"auto, (max-width: 675px) 100vw, 675px\" \/><\/a><\/p>\n<p>Ajangiz fronton, Ajangiz &#8211; Sp (2011). Arquitectura, blur arquitectura. Fotograf\u00edas, Eugeni Pons.<\/p>\n<p>A escala del entorno rural, el proyecto resuelve la incorporaci\u00f3n de un nuevo equipamiento en el paisaje, insertando un plano vertical de acero corten perforado, que dialoga y realza la composici\u00f3n volum\u00e9trica de la iglesia.<\/p>\n<p><a href=\"https:\/\/blog.bellostes.com\/media\/Ajangiz-fronton-03.png\"><img loading=\"lazy\" decoding=\"async\" class=\"alignnone size-full wp-image-20168\" title=\"Ajangiz fronton 03\" src=\"https:\/\/blog.bellostes.com\/media\/Ajangiz-fronton-03.png\" alt=\"\" width=\"675\" height=\"200\" srcset=\"https:\/\/blog.bellostes.com\/media\/Ajangiz-fronton-03.png 675w, https:\/\/blog.bellostes.com\/media\/Ajangiz-fronton-03-330x97.png 330w\" sizes=\"auto, (max-width: 675px) 100vw, 675px\" \/><\/a><\/p>\n<p>Un dialogo formal y social, donde el nuevo front\u00f3n funciona como un escenario plural de preexistencias que confluyen en el tiempo geol\u00f3gico precipitado en el perfil sinuoso de los montes, el tiempo hist\u00f3rico retenido en la arquitectura de la iglesia, en la explanada de la plaza, y el tiempo social y cultural renovado y repetido en el gesto robusto y decidido de cada brazo, en cada mano, cobijado bajo la piel curtida de la memoria.<\/p>\n<p><a href=\"https:\/\/blog.bellostes.com\/media\/Ajangiz-fronton-02.png\"><img loading=\"lazy\" decoding=\"async\" class=\"alignnone size-full wp-image-20169\" title=\"Ajangiz fronton 02\" src=\"https:\/\/blog.bellostes.com\/media\/Ajangiz-fronton-02.png\" alt=\"\" width=\"675\" height=\"200\" srcset=\"https:\/\/blog.bellostes.com\/media\/Ajangiz-fronton-02.png 675w, https:\/\/blog.bellostes.com\/media\/Ajangiz-fronton-02-330x97.png 330w\" sizes=\"auto, (max-width: 675px) 100vw, 675px\" \/><\/a><\/p>\n<p>La experiencia del presente se funde y confunde con piel, tostada, porosa y permeable, del hierro oxidado.<\/p>\n<p>M\u00e1s informaci\u00f3n:<\/p>\n<p>+ <a href=\"http:\/\/www.blurarquitectura.com\/?menu=menu2&amp;acc=proyectos\/encurso\/2009-plaza-fronton-multiusos-ajangiz#\">Ajangiz fronton &#8211; blur arquitectura<\/a> (descripci\u00f3n con ilustraciones)<br \/>\n+ <a href=\"http:\/\/fundacion.arquia.es\/proxima\/pub_realizacion_detalle.aspx?id=4385\">Ajangiz fronton &#8211; arquia\/pr\u00f3xima<\/a> (descripci\u00f3n con ilustraciones)<br \/>\n+ <a href=\"http:\/\/www.ajangiz.net\/ca_Ficha.asp?Id=63\">Ajangiz fronton &#8211; Ajangiz<\/a> (la documentaci\u00f3n completa del proyecto, memoria, planos, etc todo en formato pdf \/interesante ejemplo de transparencia municipal)<br \/>\n+ <a href=\"http:\/\/pepinomartini.blogspot.com.es\/2012\/01\/fronton-ajangiz.html\">Ajangiz fronton &#8211; Pepe Mart\u00ednez<\/a> (art\u00edculo de opini\u00f3n con fotograf\u00edas y enlace al <a href=\"https:\/\/plus.google.com\/photos\/112533451533305864858\/albums\/5702735242900365633?banner=pwa\">reportaje de fotograf\u00edas publicado en google+<\/a>)<br \/>\n+ <a href=\"http:\/\/www.eugeni-pons.com\/galleries\/fronto-ajangiz\/\">Ajangiz fronton &#8211; Eugeni Pons<\/a> (reportaje de fotograf\u00edas)<\/p>\n","protected":false},"excerpt":{"rendered":"<p>Ajangiz fronton, Ajangiz &#8211; Sp (2011). Arquitectura, blur arquitectura. Fotograf\u00edas, Eugeni Pons. A escala del entorno rural, el proyecto resuelve la incorporaci\u00f3n de un nuevo equipamiento en el paisaje, insertando un plano vertical de acero corten perforado, que dialoga y &hellip; <a href=\"https:\/\/blog.bellostes.com\/?p=20087\">Continua leyendo <span class=\"meta-nav\">&raquo;<\/span><\/a><\/p>\n","protected":false},"author":1,"featured_media":0,"comment_status":"open","ping_status":"open","sticky":false,"template":"","format":"standard","meta":{"footnotes":""},"categories":[7,95,32,51,54,134,126],"tags":[],"class_list":["post-20087","post","type-post","status-publish","format-standard","hentry","category-arquitects","category-arquitectura-rural","category-arquitectura-y-acero-corten","category-arquitectura-y-metal-perforado","category-proyectos-centros-deportivos","category-sistemas-constructivos-fachadas","category-sitemas-constructivos-celosias"],"_links":{"self":[{"href":"https:\/\/blog.bellostes.com\/index.php?rest_route=\/wp\/v2\/posts\/20087","targetHints":{"allow":["GET"]}}],"collection":[{"href":"https:\/\/blog.bellostes.com\/index.php?rest_route=\/wp\/v2\/posts"}],"about":[{"href":"https:\/\/blog.bellostes.com\/index.php?rest_route=\/wp\/v2\/types\/post"}],"author":[{"embeddable":true,"href":"https:\/\/blog.bellostes.com\/index.php?rest_route=\/wp\/v2\/users\/1"}],"replies":[{"embeddable":true,"href":"https:\/\/blog.bellostes.com\/index.php?rest_route=%2Fwp%2Fv2%2Fcomments&post=20087"}],"version-history":[{"count":10,"href":"https:\/\/blog.bellostes.com\/index.php?rest_route=\/wp\/v2\/posts\/20087\/revisions"}],"predecessor-version":[{"id":20176,"href":"https:\/\/blog.bellostes.com\/index.php?rest_route=\/wp\/v2\/posts\/20087\/revisions\/20176"}],"wp:attachment":[{"href":"https:\/\/blog.bellostes.com\/index.php?rest_route=%2Fwp%2Fv2%2Fmedia&parent=20087"}],"wp:term":[{"taxonomy":"category","embeddable":true,"href":"https:\/\/blog.bellostes.com\/index.php?rest_route=%2Fwp%2Fv2%2Fcategories&post=20087"},{"taxonomy":"post_tag","embeddable":true,"href":"https:\/\/blog.bellostes.com\/index.php?rest_route=%2Fwp%2Fv2%2Ftags&post=20087"}],"curies":[{"name":"wp","href":"https:\/\/api.w.org\/{rel}","templated":true}]}}