{"id":20097,"date":"2012-03-27T12:49:36","date_gmt":"2012-03-27T10:49:36","guid":{"rendered":"https:\/\/blog.bellostes.com\/?p=20097"},"modified":"2012-03-27T12:49:36","modified_gmt":"2012-03-27T10:49:36","slug":"el-mundo-al-reves-luxcity-roxul-stand","status":"publish","type":"post","link":"https:\/\/blog.bellostes.com\/?p=20097","title":{"rendered":"el mundo al rev\u00e9s &#8211; luxcity, roxuL stand"},"content":{"rendered":"<p><a href=\"https:\/\/blog.bellostes.com\/media\/roxuL-temporary-pavilion.png\"><img loading=\"lazy\" decoding=\"async\" class=\"alignnone size-full wp-image-20154\" title=\"roxuL, temporary pavilion\" src=\"https:\/\/blog.bellostes.com\/media\/roxuL-temporary-pavilion.png\" alt=\"\" width=\"675\" height=\"196\" srcset=\"https:\/\/blog.bellostes.com\/media\/roxuL-temporary-pavilion.png 675w, https:\/\/blog.bellostes.com\/media\/roxuL-temporary-pavilion-330x95.png 330w\" sizes=\"auto, (max-width: 675px) 100vw, 675px\" \/><\/a><\/p>\n<p>luxcity, roxuL stand (Messestad Intersolar M\u00fcnchen) Munich &#8211; Germany (2011). Arquitectura, Architekten Martenson und Nagel Theissen \u00abAMUNT\u00bb. Fotograf\u00edas, Brigida Gonzalez.<\/p>\n<p>\u00abluxcity\u00bb es el concepto que articula la propuesta de estand para la empresa \u00ab<a href=\"http:\/\/www.luxor-solar.de\/index.htm\">Luxor Solar<\/a>\u00bb un entorno urbano multiplicado a la luz de los reflejos.<\/p>\n<p><a href=\"https:\/\/blog.bellostes.com\/media\/roxuL-temporary-pavilion-01.png\"><img loading=\"lazy\" decoding=\"async\" class=\"alignnone size-full wp-image-20155\" title=\"roxuL, temporary pavilion 01\" src=\"https:\/\/blog.bellostes.com\/media\/roxuL-temporary-pavilion-01.png\" alt=\"\" width=\"675\" height=\"197\" srcset=\"https:\/\/blog.bellostes.com\/media\/roxuL-temporary-pavilion-01.png 675w, https:\/\/blog.bellostes.com\/media\/roxuL-temporary-pavilion-01-330x96.png 330w\" sizes=\"auto, (max-width: 675px) 100vw, 675px\" \/><\/a><\/p>\n<p>La perspectiva de una aldea al rev\u00e9s, concentra la atenci\u00f3n en la presencia inversa y duplicada de los tejados. Por en cima del nivel suelo el espacio resulta enigm\u00e1tico, en el suelo las im\u00e1genes se reconstruyen y la realidad se manifiesta bajo los pies del visitante. Potenciando as\u00ed, la presencia de los paneles solares (objeto de la exposici\u00f3n) que habitualmente permanecen ocultos a la mirada.<\/p>\n<p>M\u00e1s informaci\u00f3n:<\/p>\n<p>+\u00a0<a href=\"http:\/\/www.amunt.info\/\">luxcity, roxuL stand &#8211; AMUNT<\/a> (descripci\u00f3n con fotograf\u00edas)<br \/>\n+\u00a0<a href=\"http:\/\/www.designlines.de\/praxis\/Stadt-der-Sonne_2382187.html?bildnr=1\">luxcity, roxuL stand &#8211; Designline<\/a> (art\u00edculo de texto con fotograf\u00edas)<br \/>\n+ <a href=\"http:\/\/www.brigidagonzalez.de\/\">luxcity, roxuL stand &#8211; Brigida Gonzalez <\/a>(reportaje de fotograf\u00edas)<\/p>\n","protected":false},"excerpt":{"rendered":"<p>luxcity, roxuL stand (Messestad Intersolar M\u00fcnchen) Munich &#8211; Germany (2011). Arquitectura, Architekten Martenson und Nagel Theissen \u00abAMUNT\u00bb. Fotograf\u00edas, Brigida Gonzalez. \u00abluxcity\u00bb es el concepto que articula la propuesta de estand para la empresa \u00abLuxor Solar\u00bb un entorno urbano multiplicado a &hellip; <a href=\"https:\/\/blog.bellostes.com\/?p=20097\">Continua leyendo <span class=\"meta-nav\">&raquo;<\/span><\/a><\/p>\n","protected":false},"author":1,"featured_media":0,"comment_status":"open","ping_status":"open","sticky":false,"template":"","format":"standard","meta":{"footnotes":""},"categories":[7,20,24],"tags":[93],"class_list":["post-20097","post","type-post","status-publish","format-standard","hentry","category-arquitects","category-arquitectura-efimera","category-exposiciones","tag-pabellones-temporales"],"_links":{"self":[{"href":"https:\/\/blog.bellostes.com\/index.php?rest_route=\/wp\/v2\/posts\/20097","targetHints":{"allow":["GET"]}}],"collection":[{"href":"https:\/\/blog.bellostes.com\/index.php?rest_route=\/wp\/v2\/posts"}],"about":[{"href":"https:\/\/blog.bellostes.com\/index.php?rest_route=\/wp\/v2\/types\/post"}],"author":[{"embeddable":true,"href":"https:\/\/blog.bellostes.com\/index.php?rest_route=\/wp\/v2\/users\/1"}],"replies":[{"embeddable":true,"href":"https:\/\/blog.bellostes.com\/index.php?rest_route=%2Fwp%2Fv2%2Fcomments&post=20097"}],"version-history":[{"count":10,"href":"https:\/\/blog.bellostes.com\/index.php?rest_route=\/wp\/v2\/posts\/20097\/revisions"}],"predecessor-version":[{"id":20164,"href":"https:\/\/blog.bellostes.com\/index.php?rest_route=\/wp\/v2\/posts\/20097\/revisions\/20164"}],"wp:attachment":[{"href":"https:\/\/blog.bellostes.com\/index.php?rest_route=%2Fwp%2Fv2%2Fmedia&parent=20097"}],"wp:term":[{"taxonomy":"category","embeddable":true,"href":"https:\/\/blog.bellostes.com\/index.php?rest_route=%2Fwp%2Fv2%2Fcategories&post=20097"},{"taxonomy":"post_tag","embeddable":true,"href":"https:\/\/blog.bellostes.com\/index.php?rest_route=%2Fwp%2Fv2%2Ftags&post=20097"}],"curies":[{"name":"wp","href":"https:\/\/api.w.org\/{rel}","templated":true}]}}