{"id":21036,"date":"2012-05-01T10:23:20","date_gmt":"2012-05-01T08:23:20","guid":{"rendered":"https:\/\/blog.bellostes.com\/?p=21036"},"modified":"2016-02-04T19:52:10","modified_gmt":"2016-02-04T18:52:10","slug":"garage-activo-garage-notweg-workshop-into-creative-hotspot","status":"publish","type":"post","link":"https:\/\/blog.bellostes.com\/?p=21036","title":{"rendered":"garage activo &#8211; garage notweg, workshop into creative hotspot"},"content":{"rendered":"<p><a href=\"https:\/\/blog.bellostes.com\/media\/Garage-Notweg-01.png\"><img loading=\"lazy\" decoding=\"async\" class=\"alignnone size-full wp-image-21054\" title=\"Garage Notweg 01\" src=\"https:\/\/blog.bellostes.com\/media\/Garage-Notweg-01.png\" alt=\"\" width=\"675\" height=\"200\" srcset=\"https:\/\/blog.bellostes.com\/media\/Garage-Notweg-01.png 675w, https:\/\/blog.bellostes.com\/media\/Garage-Notweg-01-330x97.png 330w\" sizes=\"auto, (max-width: 675px) 100vw, 675px\" \/><\/a><\/p>\n<p>Garage Notweg (ultra low cost transformation of a former car showroom) Amsterdam &#8211; Netherlands (2009). Arquitectura, NL Architects. Fotograf\u00edas, <a href=\"http:\/\/studio.raoulkramer.com\/index.php?\/commissions\/architecture\/\">Raoul Kramer<\/a>.<\/p>\n<p>El proyecto resuelve la adecuaci\u00f3n de un concesionario de autom\u00f3viles, en un vivero destinado a la promoci\u00f3n de empresas creativas centradas en el sector textil, patrocinado por el grupo \u00ab<a href=\"http:\/\/www.ymere.nl\/ymere\/index.asp?id=1456\">Ymere<\/a>\u00ab.<\/p>\n<p><a href=\"https:\/\/blog.bellostes.com\/media\/Garage-Notweg-02.png\"><img loading=\"lazy\" decoding=\"async\" class=\"alignnone size-full wp-image-21055\" title=\"Garage Notweg 02\" src=\"https:\/\/blog.bellostes.com\/media\/Garage-Notweg-02.png\" alt=\"\" width=\"675\" height=\"195\" srcset=\"https:\/\/blog.bellostes.com\/media\/Garage-Notweg-02.png 675w, https:\/\/blog.bellostes.com\/media\/Garage-Notweg-02-330x95.png 330w\" sizes=\"auto, (max-width: 675px) 100vw, 675px\" \/><\/a><\/p>\n<p>Las instalaciones de \u00ab<a href=\"http:\/\/www.garagenotweg.nl\/\">Garage Notweg<\/a>\u00bb incluyen en la planta baja, un \u00e1rea central reservada a los talleres individuales, con la entrada-aparador abierta a la calle interior, un espacio din\u00e1mico y compartido, catalizador de interacciones e intercambios de ideas.<\/p>\n<p><a href=\"https:\/\/blog.bellostes.com\/media\/Garage-Notweg.png\"><img loading=\"lazy\" decoding=\"async\" class=\"alignnone size-full wp-image-21056\" title=\"Garage Notweg\" src=\"https:\/\/blog.bellostes.com\/media\/Garage-Notweg.png\" alt=\"\" width=\"675\" height=\"200\" srcset=\"https:\/\/blog.bellostes.com\/media\/Garage-Notweg.png 675w, https:\/\/blog.bellostes.com\/media\/Garage-Notweg-330x97.png 330w\" sizes=\"auto, (max-width: 675px) 100vw, 675px\" \/><\/a><\/p>\n<p>En la planta piso el espacio lo ocupa \u00edntegramente la sala de actos polivalente o plaza publica, destinada a presentaciones, exposiciones, desfiles, mercado, etc<\/p>\n<p>M\u00e1s informaci\u00f3n:<\/p>\n<p>+ <a href=\"http:\/\/www.nlarchitects.nl\/slideshow\/155\">Garage Notweg &#8211; NL Architects<\/a> (descripci\u00f3n con fotograf\u00edas, planos e ilustraciones, en flash. <a href=\"http:\/\/nlarchitects.wordpress.com\/2009\/10\/18\/garage-notweg-officially-opened\/\">Art\u00edculo en el blog<\/a>. <a href=\"http:\/\/www.nlarchitects.nl\/slideshow\/27\">Reportaje de fotograf\u00edas<\/a>)<\/p>\n","protected":false},"excerpt":{"rendered":"<p>Garage Notweg (ultra low cost transformation of a former car showroom) Amsterdam &#8211; Netherlands (2009). Arquitectura, NL Architects. Fotograf\u00edas, Raoul Kramer. El proyecto resuelve la adecuaci\u00f3n de un concesionario de autom\u00f3viles, en un vivero destinado a la promoci\u00f3n de empresas &hellip; <a href=\"https:\/\/blog.bellostes.com\/?p=21036\">Continua leyendo <span class=\"meta-nav\">&raquo;<\/span><\/a><\/p>\n","protected":false},"author":1,"featured_media":0,"comment_status":"open","ping_status":"open","sticky":false,"template":"","format":"standard","meta":{"footnotes":""},"categories":[7,50,30,56,53,37],"tags":[],"class_list":["post-21036","post","type-post","status-publish","format-standard","hentry","category-arquitects","category-arquitectura-y-madera","category-arquitectura-y-rehabilitacion","category-proyectos-estudios-y-oficinas","category-proyectos-equipamientos-sociales","category-proyectos-espacios-culturales"],"_links":{"self":[{"href":"https:\/\/blog.bellostes.com\/index.php?rest_route=\/wp\/v2\/posts\/21036","targetHints":{"allow":["GET"]}}],"collection":[{"href":"https:\/\/blog.bellostes.com\/index.php?rest_route=\/wp\/v2\/posts"}],"about":[{"href":"https:\/\/blog.bellostes.com\/index.php?rest_route=\/wp\/v2\/types\/post"}],"author":[{"embeddable":true,"href":"https:\/\/blog.bellostes.com\/index.php?rest_route=\/wp\/v2\/users\/1"}],"replies":[{"embeddable":true,"href":"https:\/\/blog.bellostes.com\/index.php?rest_route=%2Fwp%2Fv2%2Fcomments&post=21036"}],"version-history":[{"count":20,"href":"https:\/\/blog.bellostes.com\/index.php?rest_route=\/wp\/v2\/posts\/21036\/revisions"}],"predecessor-version":[{"id":29151,"href":"https:\/\/blog.bellostes.com\/index.php?rest_route=\/wp\/v2\/posts\/21036\/revisions\/29151"}],"wp:attachment":[{"href":"https:\/\/blog.bellostes.com\/index.php?rest_route=%2Fwp%2Fv2%2Fmedia&parent=21036"}],"wp:term":[{"taxonomy":"category","embeddable":true,"href":"https:\/\/blog.bellostes.com\/index.php?rest_route=%2Fwp%2Fv2%2Fcategories&post=21036"},{"taxonomy":"post_tag","embeddable":true,"href":"https:\/\/blog.bellostes.com\/index.php?rest_route=%2Fwp%2Fv2%2Ftags&post=21036"}],"curies":[{"name":"wp","href":"https:\/\/api.w.org\/{rel}","templated":true}]}}