{"id":21061,"date":"2012-05-02T10:23:17","date_gmt":"2012-05-02T08:23:17","guid":{"rendered":"https:\/\/blog.bellostes.com\/?p=21061"},"modified":"2016-06-07T19:33:39","modified_gmt":"2016-06-07T17:33:39","slug":"el-jardin-de-la-pradera-easy-prairie-garden-exhibition-pavilion","status":"publish","type":"post","link":"https:\/\/blog.bellostes.com\/?p=21061","title":{"rendered":"el jard\u00edn de la pradera &#8211; easy prairie garden, exhibition pavilion"},"content":{"rendered":"<p><a href=\"https:\/\/blog.bellostes.com\/media\/Easy-Prairie-Garden.png\"><img loading=\"lazy\" decoding=\"async\" class=\"alignnone size-full wp-image-21064\" title=\"Easy Prairie Garden\" src=\"https:\/\/blog.bellostes.com\/media\/Easy-Prairie-Garden.png\" alt=\"\" width=\"675\" height=\"182\" srcset=\"https:\/\/blog.bellostes.com\/media\/Easy-Prairie-Garden.png 675w, https:\/\/blog.bellostes.com\/media\/Easy-Prairie-Garden-330x88.png 330w\" sizes=\"auto, (max-width: 675px) 100vw, 675px\" \/><\/a><\/p>\n<p>Easy Prairie Garden, pavilion (Floriade World Horticultural Expo) Venlo \u2013 Netherlands (2012). Dise\u00f1o, (?). Fotograf\u00edas, Thomas Mayer.<\/p>\n<p>El pabell\u00f3n sit\u00faa y acoge el \u00e1rea de exposici\u00f3n dedicada al jard\u00edn \u00ab<a href=\"http:\/\/www.lageschaar.nl\/nl\/pagina\/the-easy-prairie-garden\/uitleg.html\">easy prairie<\/a>\u00bb una soluci\u00f3n basada en las especies florales de las praderas de norteamericanas, que facilita el mantenimiento del cultivo, en la exposici\u00f3n mundial de horticultura \u201c<a href=\"http:\/\/www.floriade.com\/\">Floriade 2012<\/a>\u201d, que en esta edici\u00f3n desarrolla el tema \u201cForma parte del teatro de la naturaleza, acercarte a la calidad de vida\u201d.<\/p>\n<p>M\u00e1s informaci\u00f3n:<\/p>\n<p>+ <a href=\"http:\/\/www.lageschaar.nl\/nl\/nieuws\/5\/klaar-voor-de-floriade-2012.html\">Easy Prairie Garden, pavilion &#8211; lageschaar<\/a> (nota de prensa con fotograf\u00edas)<br \/>\n+ <a href=\"http:\/\/thomasmayerarchive.de\/details.php?image_id=189101&amp;mode=search&amp;l=english\">Easy Prairie Garden, pavilion &#8211; Thomas Mayer<\/a> (2 fotograf\u00edas)<\/p>\n<p>+ <a href=\"http:\/\/www.archdaily.com\/225800\/architectural-photography-floriade-2012-world-horticultural-expo-thomas-mayer\/\">Floriade World Horticultural Expo &#8211; archdaily<\/a> (art\u00edculo de texto con fotograf\u00edas dedicado a la muestra)<br \/>\n+ <a href=\"http:\/\/thomasmayerarchive.de\/search.php?show_result=1&amp;l=english&amp;page=1\">Floriade World Horticultural Expo &#8211; Thomas Mayer<\/a> (reportaje de fotograf\u00edas)<\/p>\n","protected":false},"excerpt":{"rendered":"<p>Easy Prairie Garden, pavilion (Floriade World Horticultural Expo) Venlo \u2013 Netherlands (2012). Dise\u00f1o, (?). Fotograf\u00edas, Thomas Mayer. El pabell\u00f3n sit\u00faa y acoge el \u00e1rea de exposici\u00f3n dedicada al jard\u00edn \u00abeasy prairie\u00bb una soluci\u00f3n basada en las especies florales de las &hellip; <a href=\"https:\/\/blog.bellostes.com\/?p=21061\">Continua leyendo <span class=\"meta-nav\">&raquo;<\/span><\/a><\/p>\n","protected":false},"author":1,"featured_media":0,"comment_status":"open","ping_status":"open","sticky":false,"template":"","format":"standard","meta":{"footnotes":""},"categories":[20,84,24],"tags":[130,93],"class_list":["post-21061","post","type-post","status-publish","format-standard","hentry","category-arquitectura-efimera","category-arquitectura-y-containers","category-exposiciones","tag-exposiciones-2","tag-pabellones-temporales"],"_links":{"self":[{"href":"https:\/\/blog.bellostes.com\/index.php?rest_route=\/wp\/v2\/posts\/21061","targetHints":{"allow":["GET"]}}],"collection":[{"href":"https:\/\/blog.bellostes.com\/index.php?rest_route=\/wp\/v2\/posts"}],"about":[{"href":"https:\/\/blog.bellostes.com\/index.php?rest_route=\/wp\/v2\/types\/post"}],"author":[{"embeddable":true,"href":"https:\/\/blog.bellostes.com\/index.php?rest_route=\/wp\/v2\/users\/1"}],"replies":[{"embeddable":true,"href":"https:\/\/blog.bellostes.com\/index.php?rest_route=%2Fwp%2Fv2%2Fcomments&post=21061"}],"version-history":[{"count":11,"href":"https:\/\/blog.bellostes.com\/index.php?rest_route=\/wp\/v2\/posts\/21061\/revisions"}],"predecessor-version":[{"id":30336,"href":"https:\/\/blog.bellostes.com\/index.php?rest_route=\/wp\/v2\/posts\/21061\/revisions\/30336"}],"wp:attachment":[{"href":"https:\/\/blog.bellostes.com\/index.php?rest_route=%2Fwp%2Fv2%2Fmedia&parent=21061"}],"wp:term":[{"taxonomy":"category","embeddable":true,"href":"https:\/\/blog.bellostes.com\/index.php?rest_route=%2Fwp%2Fv2%2Fcategories&post=21061"},{"taxonomy":"post_tag","embeddable":true,"href":"https:\/\/blog.bellostes.com\/index.php?rest_route=%2Fwp%2Fv2%2Ftags&post=21061"}],"curies":[{"name":"wp","href":"https:\/\/api.w.org\/{rel}","templated":true}]}}