{"id":22088,"date":"2012-07-10T12:38:08","date_gmt":"2012-07-10T10:38:08","guid":{"rendered":"https:\/\/blog.bellostes.com\/?p=22088"},"modified":"2016-03-03T12:55:50","modified_gmt":"2016-03-03T11:55:50","slug":"entre-sombras-castelo-de-pombal-pavilion","status":"publish","type":"post","link":"https:\/\/blog.bellostes.com\/?p=22088","title":{"rendered":"entre sombras &#8211; \u00abcastelo de pombal\u00bb pavilion"},"content":{"rendered":"<p><a href=\"https:\/\/blog.bellostes.com\/media\/castelo-de-pombal-pavilion.png\"><img loading=\"lazy\" decoding=\"async\" class=\"aligncenter size-full wp-image-22116\" title=\"&quot;castelo de pombal&quot; pavilion\" src=\"https:\/\/blog.bellostes.com\/media\/castelo-de-pombal-pavilion.png\" alt=\"\" width=\"675\" height=\"200\" srcset=\"https:\/\/blog.bellostes.com\/media\/castelo-de-pombal-pavilion.png 675w, https:\/\/blog.bellostes.com\/media\/castelo-de-pombal-pavilion-330x97.png 330w\" sizes=\"auto, (max-width: 675px) 100vw, 675px\" \/><\/a>Pombal Castle pavilion, Castelo de Pombal &#8211; Portugal (2011). Arquitectura, Lu\u00eds Miguel Correia, Nelson Mota, Vanda Maldonado, Susana Constantino \u00abCOMOCO\u00bb. Fotograf\u00edas, Fernando Guerra FG+SG.<\/p>\n<p>El proyecto resuelve la adecuaci\u00f3n de los accesos as\u00ed como del recinto del castillo de Pombal, con el doble objetivo de sumar este entorno a las \u00e1reas verdes y l\u00fadicas existentes en el municipio y de potenciar el car\u00e1cter tur\u00edsticos del lugar.<\/p>\n<p><a href=\"https:\/\/blog.bellostes.com\/media\/castelo-de-pombal-pavilion-01.png\"><img loading=\"lazy\" decoding=\"async\" class=\"aligncenter size-full wp-image-22117\" title=\"&quot;castelo de pombal&quot; pavilion 01\" src=\"https:\/\/blog.bellostes.com\/media\/castelo-de-pombal-pavilion-01.png\" alt=\"\" width=\"675\" height=\"198\" srcset=\"https:\/\/blog.bellostes.com\/media\/castelo-de-pombal-pavilion-01.png 675w, https:\/\/blog.bellostes.com\/media\/castelo-de-pombal-pavilion-01-330x96.png 330w\" sizes=\"auto, (max-width: 675px) 100vw, 675px\" \/><\/a>La intervenci\u00f3n contempla tres actuaciones: el estudio, la restauraci\u00f3n y\/o consolidaci\u00f3n de los hallazgos hist\u00f3ricos, la construcci\u00f3n de una cafeter\u00eda-mirador, y la adecuaci\u00f3n de los accesos y senderos que conducen hasta el castillo, en la que se incluye este pabell\u00f3n de madera, destinado a \u00e1rea de descanso.<\/p>\n<p>M\u00e1s informaci\u00f3n:<\/p>\n<p>+ <a href=\"http:\/\/www.comoco.eu\/comoco_1c_PBLcastle_09.html\">Pombal Castle pavilion &#8211; COMOCO<\/a> (reportaje de fotograf\u00edas)<br \/>\n+ <a href=\"http:\/\/www.yatzer.com\/Pombal-Castle-Portugal-COMOCO\">Pombal Castle, caf\u00e9 pavilion &#8211; Yatzer <\/a>(art\u00edculo de texto con fotograf\u00edas)<br \/>\n+ <a href=\"http:\/\/www.plataformaarquitectura.cl\/2012\/02\/11\/castillo-de-castelo-novo-comoco\/\">Pombal Castle, caf\u00e9 pavilion &#8211; Plataforma Arquitectura<\/a> (art\u00edculo de texto con fotograf\u00edas)<br \/>\n+ <a href=\"http:\/\/ultimasreportagens.com\/572.php\">Pombal Castle, caf\u00e9 pavilion &#8211; ultimas reportagens<\/a> (reportaje de fotograf\u00edas)<\/p>\n","protected":false},"excerpt":{"rendered":"<p>Pombal Castle pavilion, Castelo de Pombal &#8211; Portugal (2011). Arquitectura, Lu\u00eds Miguel Correia, Nelson Mota, Vanda Maldonado, Susana Constantino \u00abCOMOCO\u00bb. Fotograf\u00edas, Fernando Guerra FG+SG. El proyecto resuelve la adecuaci\u00f3n de los accesos as\u00ed como del recinto del castillo de Pombal, &hellip; <a href=\"https:\/\/blog.bellostes.com\/?p=22088\">Continua leyendo <span class=\"meta-nav\">&raquo;<\/span><\/a><\/p>\n","protected":false},"author":1,"featured_media":0,"comment_status":"open","ping_status":"open","sticky":false,"template":"","format":"standard","meta":{"footnotes":""},"categories":[7,95,50,30,47,34],"tags":[83],"class_list":["post-22088","post","type-post","status-publish","format-standard","hentry","category-arquitects","category-arquitectura-rural","category-arquitectura-y-madera","category-arquitectura-y-rehabilitacion","category-proyectos-equipamientos-turisticos","category-proyectos-micro-equipamientos","tag-pabellones"],"_links":{"self":[{"href":"https:\/\/blog.bellostes.com\/index.php?rest_route=\/wp\/v2\/posts\/22088","targetHints":{"allow":["GET"]}}],"collection":[{"href":"https:\/\/blog.bellostes.com\/index.php?rest_route=\/wp\/v2\/posts"}],"about":[{"href":"https:\/\/blog.bellostes.com\/index.php?rest_route=\/wp\/v2\/types\/post"}],"author":[{"embeddable":true,"href":"https:\/\/blog.bellostes.com\/index.php?rest_route=\/wp\/v2\/users\/1"}],"replies":[{"embeddable":true,"href":"https:\/\/blog.bellostes.com\/index.php?rest_route=%2Fwp%2Fv2%2Fcomments&post=22088"}],"version-history":[{"count":15,"href":"https:\/\/blog.bellostes.com\/index.php?rest_route=\/wp\/v2\/posts\/22088\/revisions"}],"predecessor-version":[{"id":29416,"href":"https:\/\/blog.bellostes.com\/index.php?rest_route=\/wp\/v2\/posts\/22088\/revisions\/29416"}],"wp:attachment":[{"href":"https:\/\/blog.bellostes.com\/index.php?rest_route=%2Fwp%2Fv2%2Fmedia&parent=22088"}],"wp:term":[{"taxonomy":"category","embeddable":true,"href":"https:\/\/blog.bellostes.com\/index.php?rest_route=%2Fwp%2Fv2%2Fcategories&post=22088"},{"taxonomy":"post_tag","embeddable":true,"href":"https:\/\/blog.bellostes.com\/index.php?rest_route=%2Fwp%2Fv2%2Ftags&post=22088"}],"curies":[{"name":"wp","href":"https:\/\/api.w.org\/{rel}","templated":true}]}}