{"id":22150,"date":"2012-07-13T12:45:11","date_gmt":"2012-07-13T10:45:11","guid":{"rendered":"https:\/\/blog.bellostes.com\/?p=22150"},"modified":"2016-01-24T14:42:53","modified_gmt":"2016-01-24T13:42:53","slug":"del-logotipo-al-lugar-45%c2%b0-nort-8%c2%b0-east-temporary-pavilion","status":"publish","type":"post","link":"https:\/\/blog.bellostes.com\/?p=22150","title":{"rendered":"del logotipo al lugar &#8211; 45\u00b0 nort &#8211; 8\u00b0 east, temporary pavilion"},"content":{"rendered":"<p><a href=\"https:\/\/blog.bellostes.com\/media\/45\u00b0-nort-8\u00b0-east-temporary-pavilion-01.png\"><img loading=\"lazy\" decoding=\"async\" class=\"aligncenter size-full wp-image-22204\" title=\"45\u00b0 nort - 8\u00b0 east, temporary pavilion 01\" src=\"https:\/\/blog.bellostes.com\/media\/45\u00b0-nort-8\u00b0-east-temporary-pavilion-01.png\" alt=\"\" width=\"675\" height=\"200\" srcset=\"https:\/\/blog.bellostes.com\/media\/45\u00b0-nort-8\u00b0-east-temporary-pavilion-01.png 675w, https:\/\/blog.bellostes.com\/media\/45\u00b0-nort-8\u00b0-east-temporary-pavilion-01-330x97.png 330w\" sizes=\"auto, (max-width: 675px) 100vw, 675px\" \/><\/a>45\u00b0 NORTH &#8211; 8\u00b0 EAST. Architettura in scala 1:1 (Gallarate MAGA museum), Milan &#8211; Italy (2012). Arquitectura,\u00a0 <a href=\"http:\/\/www.rintalaeggertsson.com\/\">Dagur Eggertsson, Sami Rintala<\/a>, <a href=\"http:\/\/ec2.it\/massimilianospadoni\">Massimiliano Spadoni<\/a>, <a href=\"http:\/\/ec2.it\/paolomestrinerstudioazero\">Paolo Mestriner<\/a>, junto con el grupo de participantes del taller. Fotograf\u00edas, Bruno Tonelli.<\/p>\n<p>Como parte de la exposici\u00f3n \u00ab<a href=\"http:\/\/www.museomaga.it\/card.aspx?id=mostre&amp;el=100720121147600\">Abitare Minimo<\/a>\u00bb el \u00abMAGA museum\u00bb organizo el taller internacional \u00ab<a href=\"http:\/\/www.museomaga.it\/card.aspx?id=didattica&amp;el=070520121704476\">45\u00b0 NORTH &#8211; 8\u00b0 EAST. Architettura in scala 1:1<\/a>\u00bb en el que se invitaba a los participantes a construir un pabell\u00f3n temporal en 10 d\u00edas.<\/p>\n<p><a href=\"https:\/\/blog.bellostes.com\/media\/45\u00b0-nort-8\u00b0-east-temporary-pavilion.png\"><img loading=\"lazy\" decoding=\"async\" class=\"aligncenter size-full wp-image-22206\" title=\"45\u00b0 nort - 8\u00b0 east, temporary pavilion\" src=\"https:\/\/blog.bellostes.com\/media\/45\u00b0-nort-8\u00b0-east-temporary-pavilion.png\" alt=\"\" width=\"675\" height=\"196\" srcset=\"https:\/\/blog.bellostes.com\/media\/45\u00b0-nort-8\u00b0-east-temporary-pavilion.png 675w, https:\/\/blog.bellostes.com\/media\/45\u00b0-nort-8\u00b0-east-temporary-pavilion-330x95.png 330w\" sizes=\"auto, (max-width: 675px) 100vw, 675px\" \/><\/a>El pabell\u00f3n de madera, toma la forma de asterisco del logotipo del museo, para construir un espacio m\u00ednimo, compuesto por cuatro estancias y un vest\u00edbulo-entrada que se organizan en torno a un patio central.<\/p>\n<p>La intervenci\u00f3n situada en el patio del museo, persigue la doble funci\u00f3n; de incorporar al espacio expositivo al exterior del museo (incrementando la visibilidad) y de acoger los diferentes actos organizados en torno a la exposici\u00f3n.<\/p>\n<p>M\u00e1s informaci\u00f3n:<\/p>\n<p>+ <a href=\"http:\/\/www.abitare.it\/en\/abitare-minimo-maga\/eggertsson-spadoni-rintala-mestriner\/\">45\u00b0 NORTH &#8211; 8\u00b0 EAST &#8211; Abitare<\/a> (art\u00edculo de texto con fotograf\u00edas y videos)<br \/>\n+ <a href=\"http:\/\/vimeo.com\/41606130\">45\u00b0 NORTH &#8211; 8\u00b0 EAST &#8211; Andrea Monedero en Vimeo<\/a> (v\u00eddeo: 11 seconds of MAGA WORKSHOP, proceso de montaje del pabell\u00f3n)<\/p>\n","protected":false},"excerpt":{"rendered":"<p>45\u00b0 NORTH &#8211; 8\u00b0 EAST. Architettura in scala 1:1 (Gallarate MAGA museum), Milan &#8211; Italy (2012). Arquitectura,\u00a0 Dagur Eggertsson, Sami Rintala, Massimiliano Spadoni, Paolo Mestriner, junto con el grupo de participantes del taller. Fotograf\u00edas, Bruno Tonelli. Como parte de la &hellip; <a href=\"https:\/\/blog.bellostes.com\/?p=22150\">Continua leyendo <span class=\"meta-nav\">&raquo;<\/span><\/a><\/p>\n","protected":false},"author":1,"featured_media":0,"comment_status":"open","ping_status":"open","sticky":false,"template":"","format":"standard","meta":{"footnotes":""},"categories":[7,20,50,24,34],"tags":[93],"class_list":["post-22150","post","type-post","status-publish","format-standard","hentry","category-arquitects","category-arquitectura-efimera","category-arquitectura-y-madera","category-exposiciones","category-proyectos-micro-equipamientos","tag-pabellones-temporales"],"_links":{"self":[{"href":"https:\/\/blog.bellostes.com\/index.php?rest_route=\/wp\/v2\/posts\/22150","targetHints":{"allow":["GET"]}}],"collection":[{"href":"https:\/\/blog.bellostes.com\/index.php?rest_route=\/wp\/v2\/posts"}],"about":[{"href":"https:\/\/blog.bellostes.com\/index.php?rest_route=\/wp\/v2\/types\/post"}],"author":[{"embeddable":true,"href":"https:\/\/blog.bellostes.com\/index.php?rest_route=\/wp\/v2\/users\/1"}],"replies":[{"embeddable":true,"href":"https:\/\/blog.bellostes.com\/index.php?rest_route=%2Fwp%2Fv2%2Fcomments&post=22150"}],"version-history":[{"count":25,"href":"https:\/\/blog.bellostes.com\/index.php?rest_route=\/wp\/v2\/posts\/22150\/revisions"}],"predecessor-version":[{"id":29027,"href":"https:\/\/blog.bellostes.com\/index.php?rest_route=\/wp\/v2\/posts\/22150\/revisions\/29027"}],"wp:attachment":[{"href":"https:\/\/blog.bellostes.com\/index.php?rest_route=%2Fwp%2Fv2%2Fmedia&parent=22150"}],"wp:term":[{"taxonomy":"category","embeddable":true,"href":"https:\/\/blog.bellostes.com\/index.php?rest_route=%2Fwp%2Fv2%2Fcategories&post=22150"},{"taxonomy":"post_tag","embeddable":true,"href":"https:\/\/blog.bellostes.com\/index.php?rest_route=%2Fwp%2Fv2%2Ftags&post=22150"}],"curies":[{"name":"wp","href":"https:\/\/api.w.org\/{rel}","templated":true}]}}