{"id":22568,"date":"2012-08-21T10:36:07","date_gmt":"2012-08-21T08:36:07","guid":{"rendered":"https:\/\/blog.bellostes.com\/?p=22568"},"modified":"2014-03-21T15:04:14","modified_gmt":"2014-03-21T14:04:14","slug":"piedra-gris-mar-azul-hereiane-servicebuilding-at-the-restingplace","status":"publish","type":"post","link":"https:\/\/blog.bellostes.com\/?p=22568","title":{"rendered":"piedra gris, mar azul &#8211; \u00abhereiane\u00bb servicebuilding at the restingplace"},"content":{"rendered":"<p><a href=\"https:\/\/blog.bellostes.com\/media\/Hereiane-Servicebuilding-at-the-restingplace.png\"><img loading=\"lazy\" decoding=\"async\" class=\"aligncenter size-full wp-image-22594\" title=\"&quot;Hereiane&quot; Servicebuilding at the restingplace\" alt=\"\" src=\"https:\/\/blog.bellostes.com\/media\/Hereiane-Servicebuilding-at-the-restingplace.png\" width=\"675\" height=\"191\" srcset=\"https:\/\/blog.bellostes.com\/media\/Hereiane-Servicebuilding-at-the-restingplace.png 675w, https:\/\/blog.bellostes.com\/media\/Hereiane-Servicebuilding-at-the-restingplace-330x93.png 330w\" sizes=\"auto, (max-width: 675px) 100vw, 675px\" \/><\/a>\u00abHereiane\u00bb servicios p\u00fablicos y \u00e1rea de descanso \/ \u00abHereiane\u00bb Servicebuilding at the restingplace. Hardanger &#8211; Norway (2007). Arquitectura, 3rw arkitekter. Fotograf\u00edas, nasjonaleturistveger.no (<a href=\"http:\/\/www.nasjonaleturistveger.no\/viewimage.asp?iEntityId=1873\">ver fotograf\u00eda<\/a>)<\/p>\n<p>Situada al pie de la carrera con vistas al fiordo de \u00abHardanger\u00bb el \u00e1rea descanso de \u00abHereiane\u00bb dispone de un peque\u00f1o pabell\u00f3n destinado a aseos p\u00fablicos.<\/p>\n<p><a href=\"https:\/\/blog.bellostes.com\/media\/Hereiane-Servicebuilding-at-the-restingplace-01.png\"><img loading=\"lazy\" decoding=\"async\" class=\"aligncenter size-full wp-image-22595\" title=\"&quot;Hereiane&quot; Servicebuilding at the restingplace 01\" alt=\"\" src=\"https:\/\/blog.bellostes.com\/media\/Hereiane-Servicebuilding-at-the-restingplace-01.png\" width=\"675\" height=\"198\" srcset=\"https:\/\/blog.bellostes.com\/media\/Hereiane-Servicebuilding-at-the-restingplace-01.png 675w, https:\/\/blog.bellostes.com\/media\/Hereiane-Servicebuilding-at-the-restingplace-01-330x96.png 330w\" sizes=\"auto, (max-width: 675px) 100vw, 675px\" \/><\/a>La caseta se ha construido con bloques de piedra de pizarra local y juega con la forma de las construcciones tradicionales, planta rectangular y cubierta a dos aguas, la asimetr\u00eda de los aleros junto con el uso monol\u00edtico del material p\u00e9treo, sit\u00faan al edificio en su contexto contempor\u00e1neo y publico, una singularidad subrayada por la alfombra de hormig\u00f3n amarillo sobre la que se asienta, un color que acompa\u00f1a al visitante desde la puerta hasta el interior.<\/p>\n<p>M\u00e1s informaci\u00f3n:<\/p>\n<p>+ <a href=\"http:\/\/3rw.no\/hereiane-2\/\">Hereiane, Servicebuilding at the restingplace &#8211; 3rw arkitekter<\/a> (descripci\u00f3n con fotograf\u00edas y planos)<\/p>\n","protected":false},"excerpt":{"rendered":"<p>\u00abHereiane\u00bb servicios p\u00fablicos y \u00e1rea de descanso \/ \u00abHereiane\u00bb Servicebuilding at the restingplace. Hardanger &#8211; Norway (2007). Arquitectura, 3rw arkitekter. Fotograf\u00edas, nasjonaleturistveger.no (ver fotograf\u00eda) Situada al pie de la carrera con vistas al fiordo de \u00abHardanger\u00bb el \u00e1rea descanso de &hellip; <a href=\"https:\/\/blog.bellostes.com\/?p=22568\">Continua leyendo <span class=\"meta-nav\">&raquo;<\/span><\/a><\/p>\n","protected":false},"author":1,"featured_media":0,"comment_status":"open","ping_status":"open","sticky":false,"template":"","format":"standard","meta":{"footnotes":""},"categories":[7,95,27,31,47,34],"tags":[98,83],"class_list":["post-22568","post","type-post","status-publish","format-standard","hentry","category-arquitects","category-arquitectura-rural","category-arquitectura-y-color","category-arquitectura-y-piedra-natural","category-proyectos-equipamientos-turisticos","category-proyectos-micro-equipamientos","tag-aseos-publicos","tag-pabellones"],"_links":{"self":[{"href":"https:\/\/blog.bellostes.com\/index.php?rest_route=\/wp\/v2\/posts\/22568","targetHints":{"allow":["GET"]}}],"collection":[{"href":"https:\/\/blog.bellostes.com\/index.php?rest_route=\/wp\/v2\/posts"}],"about":[{"href":"https:\/\/blog.bellostes.com\/index.php?rest_route=\/wp\/v2\/types\/post"}],"author":[{"embeddable":true,"href":"https:\/\/blog.bellostes.com\/index.php?rest_route=\/wp\/v2\/users\/1"}],"replies":[{"embeddable":true,"href":"https:\/\/blog.bellostes.com\/index.php?rest_route=%2Fwp%2Fv2%2Fcomments&post=22568"}],"version-history":[{"count":15,"href":"https:\/\/blog.bellostes.com\/index.php?rest_route=\/wp\/v2\/posts\/22568\/revisions"}],"predecessor-version":[{"id":28051,"href":"https:\/\/blog.bellostes.com\/index.php?rest_route=\/wp\/v2\/posts\/22568\/revisions\/28051"}],"wp:attachment":[{"href":"https:\/\/blog.bellostes.com\/index.php?rest_route=%2Fwp%2Fv2%2Fmedia&parent=22568"}],"wp:term":[{"taxonomy":"category","embeddable":true,"href":"https:\/\/blog.bellostes.com\/index.php?rest_route=%2Fwp%2Fv2%2Fcategories&post=22568"},{"taxonomy":"post_tag","embeddable":true,"href":"https:\/\/blog.bellostes.com\/index.php?rest_route=%2Fwp%2Fv2%2Ftags&post=22568"}],"curies":[{"name":"wp","href":"https:\/\/api.w.org\/{rel}","templated":true}]}}