{"id":23227,"date":"2012-09-25T11:26:51","date_gmt":"2012-09-25T09:26:51","guid":{"rendered":"https:\/\/blog.bellostes.com\/?p=23227"},"modified":"2012-09-25T11:28:15","modified_gmt":"2012-09-25T09:28:15","slug":"coincidencias-espacio-temporales-szatmary-palace","status":"publish","type":"post","link":"https:\/\/blog.bellostes.com\/?p=23227","title":{"rendered":"juego de coincidencias &#8211; szatm\u00e1ry palace"},"content":{"rendered":"<p><a href=\"https:\/\/blog.bellostes.com\/media\/Szatm\u00e1ry-Palace-02.png\"><img loading=\"lazy\" decoding=\"async\" class=\"alignnone size-full wp-image-23233\" title=\"Szatm\u00e1ry Palace 02\" src=\"https:\/\/blog.bellostes.com\/media\/Szatm\u00e1ry-Palace-02.png\" alt=\"\" width=\"675\" height=\"200\" srcset=\"https:\/\/blog.bellostes.com\/media\/Szatm\u00e1ry-Palace-02.png 675w, https:\/\/blog.bellostes.com\/media\/Szatm\u00e1ry-Palace-02-330x97.png 330w\" sizes=\"auto, (max-width: 675px) 100vw, 675px\" \/><\/a><\/p>\n<p>Palacio Szatm\u00e1ry \/ Szatm\u00e1ry Palace, P\u00e9cs &#8211; Hungary (2011). Arquitectura, MARP. Fotograf\u00edas, <a href=\"http:\/\/topogram.hu\/\">Tam\u00e1s T\u00f6r\u00f6k<\/a>.<\/p>\n<p>La intervenci\u00f3n arquitect\u00f3nica resuelve la adecuaci\u00f3n del recinto en ruinas del palacio Szatm\u00e1ry, que de acuerdo con las fuentes hist\u00f3ricas, fue construido a principios del siglo XVI, con la intenci\u00f3n de potenciar el car\u00e1cter hist\u00f3rico, l\u00fadico y tur\u00edstico del lugar.<\/p>\n<p><a href=\"https:\/\/blog.bellostes.com\/media\/Szatm%C3%A1ry-Palace.png\"><img loading=\"lazy\" decoding=\"async\" title=\"Szatm\u00e1ry Palace\" src=\"https:\/\/blog.bellostes.com\/media\/Szatm%C3%A1ry-Palace.png\" alt=\"\" width=\"675\" height=\"200\" \/><\/a><\/p>\n<p>La intervenci\u00f3n act\u00faa en el espacio ausente, desconstruido por el tiempo, incorporando un conjunto de piezas de acero cort\u00e9n, que como un estrato intencionado se precipitan sobre el suelo, se\u00f1alando el rastro tect\u00f3nico preexistente (<a href=\"http:\/\/static.dezeen.com\/uploads\/2012\/09\/dezeen_Reconstruction-of-the-Szatm%C3%A1ry-Palace-by-MARP_61.jpg\">ver plano del conjunto<\/a>).<\/p>\n<p><a href=\"https:\/\/blog.bellostes.com\/media\/Szatm\u00e1ry-Palace-03.png\"><img loading=\"lazy\" decoding=\"async\" class=\"alignnone size-full wp-image-23237\" title=\"Szatm\u00e1ry Palace 03\" src=\"https:\/\/blog.bellostes.com\/media\/Szatm\u00e1ry-Palace-03.png\" alt=\"\" width=\"675\" height=\"199\" srcset=\"https:\/\/blog.bellostes.com\/media\/Szatm\u00e1ry-Palace-03.png 675w, https:\/\/blog.bellostes.com\/media\/Szatm\u00e1ry-Palace-03-330x97.png 330w\" sizes=\"auto, (max-width: 675px) 100vw, 675px\" \/><\/a><\/p>\n<p>El proyecto elude una posible reconstrucci\u00f3n material, la atenci\u00f3n se centra en la expresi\u00f3n narrativa del lugar y su contexto hist\u00f3rico. La relevancia del emplazamiento, justifica la construcci\u00f3n del palacio de verano, de vuelta al origen, la pieza del mirador, traslada al visitante a la segunda planta del edificio, estableciendo un juego de coincidencias espacio temporales, lo sit\u00faa en las mismas coordenadas , frente a la perspectiva hist\u00f3rica del valle de Tettye.<\/p>\n<p>M\u00e1s informaci\u00f3n:<\/p>\n<p>+ <a href=\"http:\/\/www.marp.hu\/index.php#!id=M09&amp;lan=EN\">Szatm\u00e1ry Palace &#8211; MARP<\/a> (fotograf\u00edas y planos)<br \/>\n+ <a href=\"http:\/\/www.dezeen.com\/2012\/09\/11\/reconstruction-of-the-szatmary-palace-by-marp\/\">Szatm\u00e1ry Palace &#8211; Dezeen<\/a> (art\u00edculo de texto con fotograf\u00edas y planos)<\/p>\n","protected":false},"excerpt":{"rendered":"<p>Palacio Szatm\u00e1ry \/ Szatm\u00e1ry Palace, P\u00e9cs &#8211; Hungary (2011). Arquitectura, MARP. Fotograf\u00edas, Tam\u00e1s T\u00f6r\u00f6k. La intervenci\u00f3n arquitect\u00f3nica resuelve la adecuaci\u00f3n del recinto en ruinas del palacio Szatm\u00e1ry, que de acuerdo con las fuentes hist\u00f3ricas, fue construido a principios del siglo &hellip; <a href=\"https:\/\/blog.bellostes.com\/?p=23227\">Continua leyendo <span class=\"meta-nav\">&raquo;<\/span><\/a><\/p>\n","protected":false},"author":1,"featured_media":0,"comment_status":"open","ping_status":"open","sticky":false,"template":"","format":"standard","meta":{"footnotes":""},"categories":[7,32,29,30,37,52,47],"tags":[100],"class_list":["post-23227","post","type-post","status-publish","format-standard","hentry","category-arquitects","category-arquitectura-y-acero-corten","category-arquitectura-y-espacio-publico","category-arquitectura-y-rehabilitacion","category-proyectos-espacios-culturales","category-proyectos-espacios-ludicos","category-proyectos-equipamientos-turisticos","tag-miradores"],"_links":{"self":[{"href":"https:\/\/blog.bellostes.com\/index.php?rest_route=\/wp\/v2\/posts\/23227","targetHints":{"allow":["GET"]}}],"collection":[{"href":"https:\/\/blog.bellostes.com\/index.php?rest_route=\/wp\/v2\/posts"}],"about":[{"href":"https:\/\/blog.bellostes.com\/index.php?rest_route=\/wp\/v2\/types\/post"}],"author":[{"embeddable":true,"href":"https:\/\/blog.bellostes.com\/index.php?rest_route=\/wp\/v2\/users\/1"}],"replies":[{"embeddable":true,"href":"https:\/\/blog.bellostes.com\/index.php?rest_route=%2Fwp%2Fv2%2Fcomments&post=23227"}],"version-history":[{"count":11,"href":"https:\/\/blog.bellostes.com\/index.php?rest_route=\/wp\/v2\/posts\/23227\/revisions"}],"predecessor-version":[{"id":23244,"href":"https:\/\/blog.bellostes.com\/index.php?rest_route=\/wp\/v2\/posts\/23227\/revisions\/23244"}],"wp:attachment":[{"href":"https:\/\/blog.bellostes.com\/index.php?rest_route=%2Fwp%2Fv2%2Fmedia&parent=23227"}],"wp:term":[{"taxonomy":"category","embeddable":true,"href":"https:\/\/blog.bellostes.com\/index.php?rest_route=%2Fwp%2Fv2%2Fcategories&post=23227"},{"taxonomy":"post_tag","embeddable":true,"href":"https:\/\/blog.bellostes.com\/index.php?rest_route=%2Fwp%2Fv2%2Ftags&post=23227"}],"curies":[{"name":"wp","href":"https:\/\/api.w.org\/{rel}","templated":true}]}}