{"id":23989,"date":"2013-01-09T11:34:02","date_gmt":"2013-01-09T10:34:02","guid":{"rendered":"https:\/\/blog.bellostes.com\/?p=23989"},"modified":"2013-01-09T11:50:47","modified_gmt":"2013-01-09T10:50:47","slug":"publicaciones-de-arquitectura-%e2%80%93-at-reclaim-remediate-reuse-recycle","status":"publish","type":"post","link":"https:\/\/blog.bellostes.com\/?p=23989","title":{"rendered":"publicaciones de arquitectura \u2013 a+t reclaim, remediate reuse recycle"},"content":{"rendered":"<p><a href=\"https:\/\/blog.bellostes.com\/media\/a+t-reclaim-remediate-reuse-recycle.png\"><img loading=\"lazy\" decoding=\"async\" class=\"alignnone size-full wp-image-23990\" title=\"a+t reclaim, remediate reuse recycle\" src=\"https:\/\/blog.bellostes.com\/media\/a+t-reclaim-remediate-reuse-recycle.png\" alt=\"\" width=\"675\" height=\"198\" srcset=\"https:\/\/blog.bellostes.com\/media\/a+t-reclaim-remediate-reuse-recycle.png 675w, https:\/\/blog.bellostes.com\/media\/a+t-reclaim-remediate-reuse-recycle-330x96.png 330w\" sizes=\"auto, (max-width: 675px) 100vw, 675px\" \/><\/a><\/p>\n<p>La editorial a+t, ha iniciado una nueva serie monograf\u00eda: Reclaim, con el doble sentido de Recuperar y Reivindicar, se agrupan, clasifican y analizan un conjunto de proyectos que responden a la intenci\u00f3n de Remediar, Reutilizar o Reciclar. Donde el prefijo Re- funciona como un nexo compartido, un hilo conductor que conecta obras diversas a diferentes escalas, desde las intervenciones que act\u00faan en el territorio, pasando por las que inciden en el edificio, hasta las que se circunscriben al material.<\/p>\n<p>Re-, de repetici\u00f3n o reiteraci\u00f3n, sugiere la incorporaci\u00f3n de la idea de ciclo en el pensamiento arquitect\u00f3nico, frente a la linealidad finalista, del proceso que implica un tiempo anterior a la existencia de lo edificado y un tiempo posterior, limitado a la vida \u00fatil del edificio.<\/p>\n<p>La reflexi\u00f3n, la practica y la discusi\u00f3n arquitect\u00f3nica, en torno a las intervenciones Re- retoman la condici\u00f3n c\u00edclica del existir en una misma tierra que se hace y rehace. Reconocer esta constante existencial, supone aceptar el hecho de que, cada acci\u00f3n arquitect\u00f3nica forma parte de un sistema abierto que acontece en un tiempo vectorial, carente de un origen cierto y un final determinado, donde tan solo es posible decidir el alcance y el sentido de la trayectoria del vector arquitect\u00f3nico. As\u00ed la condici\u00f3n Re-, tambi\u00e9n podr\u00eda indicar oposici\u00f3n o resistencia ante la practica de la arquitect\u00f3nica can\u00f3nica o convencional (1).<\/p>\n<p>M\u00e1s informaci\u00f3n:<\/p>\n<p>+ <a href=\"http:\/\/aplust.net\/tienda.php?seccion=revistas&amp;idioma=es\">a+t reclaim, remediate reuse recycle \u2013 a+t ediciones<\/a> (descripci\u00f3n, art\u00edculos, p\u00e1ginas de muestra y enlace de venta)<br \/>\n+ a<a href=\"http:\/\/aplust.net\/categorias.php?id_cat=899&amp;pagina=0\">+t 38 strategy and tactics in public space \u2013 a+t blog<\/a> (conjunto de art\u00edculos dedicados a la publicaci\u00f3n, con v\u00eddeos, descripciones y paginas de muestra)<\/p>\n<p>(1) <a href=\"http:\/\/lema.rae.es\/drae\/?val=re-\">Significados del prefijo Re- en el diccionario de la RAE<\/a><\/p>\n","protected":false},"excerpt":{"rendered":"<p>La editorial a+t, ha iniciado una nueva serie monograf\u00eda: Reclaim, con el doble sentido de Recuperar y Reivindicar, se agrupan, clasifican y analizan un conjunto de proyectos que responden a la intenci\u00f3n de Remediar, Reutilizar o Reciclar. Donde el prefijo &hellip; <a href=\"https:\/\/blog.bellostes.com\/?p=23989\">Continua leyendo <span class=\"meta-nav\">&raquo;<\/span><\/a><\/p>\n","protected":false},"author":1,"featured_media":0,"comment_status":"open","ping_status":"open","sticky":false,"template":"","format":"standard","meta":{"footnotes":""},"categories":[7,118],"tags":[],"class_list":["post-23989","post","type-post","status-publish","format-standard","hentry","category-arquitects","category-publicaciones-libros-y-revistas"],"_links":{"self":[{"href":"https:\/\/blog.bellostes.com\/index.php?rest_route=\/wp\/v2\/posts\/23989","targetHints":{"allow":["GET"]}}],"collection":[{"href":"https:\/\/blog.bellostes.com\/index.php?rest_route=\/wp\/v2\/posts"}],"about":[{"href":"https:\/\/blog.bellostes.com\/index.php?rest_route=\/wp\/v2\/types\/post"}],"author":[{"embeddable":true,"href":"https:\/\/blog.bellostes.com\/index.php?rest_route=\/wp\/v2\/users\/1"}],"replies":[{"embeddable":true,"href":"https:\/\/blog.bellostes.com\/index.php?rest_route=%2Fwp%2Fv2%2Fcomments&post=23989"}],"version-history":[{"count":8,"href":"https:\/\/blog.bellostes.com\/index.php?rest_route=\/wp\/v2\/posts\/23989\/revisions"}],"predecessor-version":[{"id":23998,"href":"https:\/\/blog.bellostes.com\/index.php?rest_route=\/wp\/v2\/posts\/23989\/revisions\/23998"}],"wp:attachment":[{"href":"https:\/\/blog.bellostes.com\/index.php?rest_route=%2Fwp%2Fv2%2Fmedia&parent=23989"}],"wp:term":[{"taxonomy":"category","embeddable":true,"href":"https:\/\/blog.bellostes.com\/index.php?rest_route=%2Fwp%2Fv2%2Fcategories&post=23989"},{"taxonomy":"post_tag","embeddable":true,"href":"https:\/\/blog.bellostes.com\/index.php?rest_route=%2Fwp%2Fv2%2Ftags&post=23989"}],"curies":[{"name":"wp","href":"https:\/\/api.w.org\/{rel}","templated":true}]}}