{"id":24035,"date":"2013-03-08T10:30:40","date_gmt":"2013-03-08T09:30:40","guid":{"rendered":"https:\/\/blog.bellostes.com\/?p=24035"},"modified":"2016-02-24T18:10:03","modified_gmt":"2016-02-24T17:10:03","slug":"containers-almacenados-office-drukta-formail","status":"publish","type":"post","link":"https:\/\/blog.bellostes.com\/?p=24035","title":{"rendered":"containers almacenados &#8211; office drukta &#038; formail"},"content":{"rendered":"<p><img loading=\"lazy\" decoding=\"async\" class=\"alignnone size-full wp-image-24331\" src=\"https:\/\/blog.bellostes.com\/media\/Office-Drukta-Formail.png\" alt=\"Office Drukta &amp; Formail\" width=\"675\" height=\"199\" srcset=\"https:\/\/blog.bellostes.com\/media\/Office-Drukta-Formail.png 675w, https:\/\/blog.bellostes.com\/media\/Office-Drukta-Formail-330x97.png 330w\" sizes=\"auto, (max-width: 675px) 100vw, 675px\" \/><\/p>\n<p>Office Drukta &amp; Formail, Kortrijk \u2013 Belgium (2012). Arquitectura, Five AM. Fotograf\u00edas, Thomas De Bruyne.<\/p>\n<p>El proyecto resuelve la compaginaci\u00f3n de las funciones de representaci\u00f3n, comercializaci\u00f3n y gesti\u00f3n de las dos empresas propietarias,\u00a0 con las \u00e1reas de trabajo propias de su actividad (imprenta y mensajer\u00eda), en una nave industrial existente.<\/p>\n<p><img loading=\"lazy\" decoding=\"async\" class=\"alignnone size-full wp-image-24337\" src=\"https:\/\/blog.bellostes.com\/media\/Office-Drukta-Formail-01.png\" alt=\"Office Drukta &amp; Formail 01\" width=\"675\" height=\"194\" srcset=\"https:\/\/blog.bellostes.com\/media\/Office-Drukta-Formail-01.png 675w, https:\/\/blog.bellostes.com\/media\/Office-Drukta-Formail-01-330x94.png 330w\" sizes=\"auto, (max-width: 675px) 100vw, 675px\" \/><\/p>\n<p>La soluci\u00f3n adoptada pasa por incorporar un \u00fanico elemento capaz de resolver y compaginar los diferentes condicionantes ambientales, espaciales y representativos del programa. Con este objetivo se pens\u00f3 en la incorporaci\u00f3n de un tipo de unidades modulares que compartieran el car\u00e1cter industrializado del recinto y permitieran la diferenciaci\u00f3n entre espacios de uso.<\/p>\n<p><img loading=\"lazy\" decoding=\"async\" class=\"alignnone size-full wp-image-24339\" src=\"https:\/\/blog.bellostes.com\/media\/Office-Drukta-Formail-02.png\" alt=\"Office Drukta &amp; Formail 02\" width=\"675\" height=\"202\" srcset=\"https:\/\/blog.bellostes.com\/media\/Office-Drukta-Formail-02.png 675w, https:\/\/blog.bellostes.com\/media\/Office-Drukta-Formail-02-330x98.png 330w\" sizes=\"auto, (max-width: 675px) 100vw, 675px\" \/><\/p>\n<p>Esta intensi\u00f3n, justifica la incorporaci\u00f3n de los containers (envases normalizados\u00a0 destinado al almacenaje y la distribuci\u00f3n de mercanc\u00edas) planteados como un sistema de constructivo modular, en los que se conf\u00eda la distribuci\u00f3n de los espacios de uso, con necesidades ambientales diferenciadas como son el vest\u00edbulo, las oficinas, las salas de reuniones, etc, pero tambi\u00e9n, la identidad diferencial del conjunto, as\u00ed los contenedores irrumpen en la envolvente exterior de la nave, interiorizando el ambiente exterior, a la vez que, exteriorizan la existencia de una anomal\u00eda o singularidad en el lugar.<\/p>\n<p>M\u00e1s informaci\u00f3n:<\/p>\n<p>+ <a href=\"http:\/\/www.fiveam.be\/\">Office Drukta &amp; Formail &#8211; Five AM<\/a> (fotograf\u00edas, planos y <a href=\"https:\/\/www.dropbox.com\/s\/cnixi0myr3vsd8z\/FIVEAM%20drukta%20press%20ENG.pdf\">dossier de presa<\/a>)<br \/>\n+ <a href=\"http:\/\/www.frameweb.com\/news\/office-space-design-with-shipping-containers-by-five-am\">Office Drukta &amp; Formail &#8211; frame web<\/a> (art\u00edculo de texto con fotograf\u00edas)<br \/>\n+ <a href=\"http:\/\/www.designboom.com\/architecture\/offices-drukta-formail\/\">Office Drukta &amp; Formail &#8211; designboom<\/a> (art\u00edculo de texto con fotograf\u00edas y planos)<\/p>\n","protected":false},"excerpt":{"rendered":"<p>Office Drukta &amp; Formail, Kortrijk \u2013 Belgium (2012). Arquitectura, Five AM. Fotograf\u00edas, Thomas De Bruyne. El proyecto resuelve la compaginaci\u00f3n de las funciones de representaci\u00f3n, comercializaci\u00f3n y gesti\u00f3n de las dos empresas propietarias,\u00a0 con las \u00e1reas de trabajo propias de &hellip; <a href=\"https:\/\/blog.bellostes.com\/?p=24035\">Continua leyendo <span class=\"meta-nav\">&raquo;<\/span><\/a><\/p>\n","protected":false},"author":1,"featured_media":0,"comment_status":"open","ping_status":"open","sticky":false,"template":"","format":"standard","meta":{"footnotes":""},"categories":[7,84,56,40],"tags":[],"class_list":["post-24035","post","type-post","status-publish","format-standard","hentry","category-arquitects","category-arquitectura-y-containers","category-proyectos-estudios-y-oficinas","category-arquitectura-industrial"],"_links":{"self":[{"href":"https:\/\/blog.bellostes.com\/index.php?rest_route=\/wp\/v2\/posts\/24035","targetHints":{"allow":["GET"]}}],"collection":[{"href":"https:\/\/blog.bellostes.com\/index.php?rest_route=\/wp\/v2\/posts"}],"about":[{"href":"https:\/\/blog.bellostes.com\/index.php?rest_route=\/wp\/v2\/types\/post"}],"author":[{"embeddable":true,"href":"https:\/\/blog.bellostes.com\/index.php?rest_route=\/wp\/v2\/users\/1"}],"replies":[{"embeddable":true,"href":"https:\/\/blog.bellostes.com\/index.php?rest_route=%2Fwp%2Fv2%2Fcomments&post=24035"}],"version-history":[{"count":25,"href":"https:\/\/blog.bellostes.com\/index.php?rest_route=\/wp\/v2\/posts\/24035\/revisions"}],"predecessor-version":[{"id":29315,"href":"https:\/\/blog.bellostes.com\/index.php?rest_route=\/wp\/v2\/posts\/24035\/revisions\/29315"}],"wp:attachment":[{"href":"https:\/\/blog.bellostes.com\/index.php?rest_route=%2Fwp%2Fv2%2Fmedia&parent=24035"}],"wp:term":[{"taxonomy":"category","embeddable":true,"href":"https:\/\/blog.bellostes.com\/index.php?rest_route=%2Fwp%2Fv2%2Fcategories&post=24035"},{"taxonomy":"post_tag","embeddable":true,"href":"https:\/\/blog.bellostes.com\/index.php?rest_route=%2Fwp%2Fv2%2Ftags&post=24035"}],"curies":[{"name":"wp","href":"https:\/\/api.w.org\/{rel}","templated":true}]}}