{"id":24197,"date":"2013-02-22T11:39:50","date_gmt":"2013-02-22T10:39:50","guid":{"rendered":"https:\/\/blog.bellostes.com\/?p=24197"},"modified":"2016-04-03T19:33:12","modified_gmt":"2016-04-03T17:33:12","slug":"deploye-xxl-messe-basel-new-hall","status":"publish","type":"post","link":"https:\/\/blog.bellostes.com\/?p=24197","title":{"rendered":"deploy\u00e9 xxl &#8211; messe basel, new hall"},"content":{"rendered":"<p><img loading=\"lazy\" decoding=\"async\" src=\"https:\/\/blog.bellostes.com\/media\/messe-basel-new-hall-01.png\" alt=\"messe basel, new hall 01\" width=\"675\" height=\"201\" \/><\/p>\n<p>Messe basel, new hall. Basel \u2013 Switzerland (2013). Arquitectura,\u00a0 Herzog &amp; de Meuron. Fotograf\u00edas, herzogdemeuron.com.<\/p>\n<p>El acabado exterior de las fachadas, en las plantas superiores del centro de convenciones Messe Basel se ha resuelto con una envolvente de aluminio estirado, tipo deploy\u00e9. La soluci\u00f3n responde a la cuesti\u00f3n de plantear un revestimiento homogeneo en cuanto al material, pero no mon\u00f3tono.<\/p>\n<p><img loading=\"lazy\" decoding=\"async\" src=\"https:\/\/blog.bellostes.com\/media\/messe-basel-new-hall.png\" alt=\"messe basel, new hall\" width=\"675\" height=\"199\" \/><\/p>\n<p>As\u00ed, las lamina de aluminio troquelado y estirado, permite resolver las caras rectas, las curvas y los pliegues del volumen, adem\u00e1s de, la posibilidad de adecuar el grado de densidad y de permeabilidad (visual y lum\u00ednica) del conjunto, estableciendo una relaci\u00f3n entre la abertura de la malla con los condiciones ambientales del interior y compositivos del exterior.<\/p>\n<p>M\u00e1s informaci\u00f3n:<\/p>\n<p>+ <a href=\"http:\/\/www.herzogdemeuron.com\/index\/projects\/complete-works\/201-225\/213-messe-basel-new-hall\/IMAGE.html\">Messe basel, new hall &#8211; Herzog &amp; de Meuron<\/a> (descripci\u00f3n con fotograf\u00edas)<br \/>\n+ <a href=\"http:\/\/www.thefoxisblack.com\/2013\/02\/15\/herzog-de-meurons-ominous-new-convention-center-in-switzerland\/\">Messe basel, new hall &#8211; the foxis black<\/a> (art\u00edculo de texto con fotograf\u00edas)<br \/>\n+ <a href=\"http:\/\/www.archdaily.com\/332188\/messe-basel-new-hall-herzog-de-meuron\/\">Messe basel, new hall &#8211; archdaily<\/a> (art\u00edculo de texto con fotograf\u00edas)<br \/>\n+ <a href=\"http:\/\/www.dezeen.com\/2013\/02\/13\/new-hall-messe-basel-by-herzog-de-meuron\/\">Messe basel, new hall &#8211; Dezeen<\/a> (art\u00edculo de texto con fotograf\u00edas)<br \/>\n+ <a href=\"http:\/\/julienlanoo.tumblr.com\/post\/53351056433\/messe-hall-basel-by-herzog-de-meuron-download\">Messe basel, new hall &#8211; Julien Lanoo<\/a> (reportaje de fotograf\u00edas)<br \/>\n+ <a href=\"http:\/\/www.huftonandcrow.com\/projects\/gallery\/messe-basel-new-hall\/\">Messe basel, new hall &#8211; Hufton + Crow<\/a> (reportaje de fotograf\u00edas)<\/p>\n<p>+ <a href=\"https:\/\/blog.bellostes.com\/?p=8802\">Messe basel, new hall (en obras) &#8211; blog bellotes<\/a> (art\u00edculo de texto con fotograf\u00edas)<br \/>\n+ <a href=\"http:\/\/www.archdaily.com\/186771\/in-progress-messe-basel-herzog-de-meuron\/\">Messe basel, new hall (en obras) &#8211; archdaily<\/a> (art\u00edculo de texto con fotograf\u00edas)<\/p>\n","protected":false},"excerpt":{"rendered":"<p>Messe basel, new hall. Basel \u2013 Switzerland (2013). Arquitectura,\u00a0 Herzog &amp; de Meuron. Fotograf\u00edas, herzogdemeuron.com. El acabado exterior de las fachadas, en las plantas superiores del centro de convenciones Messe Basel se ha resuelto con una envolvente de aluminio estirado, &hellip; <a href=\"https:\/\/blog.bellostes.com\/?p=24197\">Continua leyendo <span class=\"meta-nav\">&raquo;<\/span><\/a><\/p>\n","protected":false},"author":1,"featured_media":0,"comment_status":"open","ping_status":"open","sticky":false,"template":"","format":"standard","meta":{"footnotes":""},"categories":[7,49,101,134,173,126],"tags":[],"class_list":["post-24197","post","type-post","status-publish","format-standard","hentry","category-arquitects","category-arquitectura-y-aluminio","category-proyectos-espacios-administrativos","category-sistemas-constructivos-fachadas","category-sistemas-constructivos-deploye","category-sitemas-constructivos-celosias"],"_links":{"self":[{"href":"https:\/\/blog.bellostes.com\/index.php?rest_route=\/wp\/v2\/posts\/24197","targetHints":{"allow":["GET"]}}],"collection":[{"href":"https:\/\/blog.bellostes.com\/index.php?rest_route=\/wp\/v2\/posts"}],"about":[{"href":"https:\/\/blog.bellostes.com\/index.php?rest_route=\/wp\/v2\/types\/post"}],"author":[{"embeddable":true,"href":"https:\/\/blog.bellostes.com\/index.php?rest_route=\/wp\/v2\/users\/1"}],"replies":[{"embeddable":true,"href":"https:\/\/blog.bellostes.com\/index.php?rest_route=%2Fwp%2Fv2%2Fcomments&post=24197"}],"version-history":[{"count":19,"href":"https:\/\/blog.bellostes.com\/index.php?rest_route=\/wp\/v2\/posts\/24197\/revisions"}],"predecessor-version":[{"id":29906,"href":"https:\/\/blog.bellostes.com\/index.php?rest_route=\/wp\/v2\/posts\/24197\/revisions\/29906"}],"wp:attachment":[{"href":"https:\/\/blog.bellostes.com\/index.php?rest_route=%2Fwp%2Fv2%2Fmedia&parent=24197"}],"wp:term":[{"taxonomy":"category","embeddable":true,"href":"https:\/\/blog.bellostes.com\/index.php?rest_route=%2Fwp%2Fv2%2Fcategories&post=24197"},{"taxonomy":"post_tag","embeddable":true,"href":"https:\/\/blog.bellostes.com\/index.php?rest_route=%2Fwp%2Fv2%2Ftags&post=24197"}],"curies":[{"name":"wp","href":"https:\/\/api.w.org\/{rel}","templated":true}]}}