{"id":24521,"date":"2013-04-04T10:57:11","date_gmt":"2013-04-04T08:57:11","guid":{"rendered":"https:\/\/blog.bellostes.com\/?p=24521"},"modified":"2013-10-27T13:47:12","modified_gmt":"2013-10-27T12:47:12","slug":"retales-de-color-armstrong-exhibition","status":"publish","type":"post","link":"https:\/\/blog.bellostes.com\/?p=24521","title":{"rendered":"retales de color &#8211; armstrong exhibition"},"content":{"rendered":"<p><img loading=\"lazy\" decoding=\"async\" class=\"alignnone size-full wp-image-24522\" alt=\"Armstrong exhibition 2013\" src=\"https:\/\/blog.bellostes.com\/media\/Armstrong-exhibition-2013.png\" width=\"675\" height=\"201\" srcset=\"https:\/\/blog.bellostes.com\/media\/Armstrong-exhibition-2013.png 675w, https:\/\/blog.bellostes.com\/media\/Armstrong-exhibition-2013-330x98.png 330w\" sizes=\"auto, (max-width: 675px) 100vw, 675px\" \/><\/p>\n<p>Armstrong exhibition (BAU 2013) Munich &#8211; Germany (2013). Proyecto, Ippolito Fleitz Group. Fotograf\u00edas, Armstrong\/P.G.Loske, Ippolito Fleitz Group.<\/p>\n<p>El stand de la empresa <a href=\"http:\/\/www.armstrong.es\/commflreu\/es-es\/flooring.asp\">Armstrong<\/a> dedicada a la fabricaci\u00f3n de revestimientos de lin\u00f3leo y vinilo, para la feria de la edificaci\u00f3n <a href=\"http:\/\/www.bau-muenchen.com\/en\/\">BAU 2013<\/a> de Munich, despliega una estrategia de comunicaci\u00f3n espacial, destinada a captar la atenci\u00f3n de los profesionales m\u00e1s j\u00f3venes.<\/p>\n<p><img loading=\"lazy\" decoding=\"async\" class=\"alignnone size-full wp-image-24524\" alt=\"Armstrong exhibition 2013 01\" src=\"https:\/\/blog.bellostes.com\/media\/Armstrong-exhibition-2013-01.png\" width=\"675\" height=\"198\" srcset=\"https:\/\/blog.bellostes.com\/media\/Armstrong-exhibition-2013-01.png 675w, https:\/\/blog.bellostes.com\/media\/Armstrong-exhibition-2013-01-330x96.png 330w\" sizes=\"auto, (max-width: 675px) 100vw, 675px\" \/><\/p>\n<p>El conjunto de elementos que componen el stand, el suelo, la pared frontal, las mesas de trabajo, los mostradores, as\u00ed como la isla que sit\u00faa delimita el \u00e1rea destinada a las proyecciones audiovisuales, est\u00e1n revestidos con retales de los diferentes materiales fabricados por la empresa.<\/p>\n<p>M\u00e1s informaci\u00f3n:<\/p>\n<p>+ <a href=\"http:\/\/www.ifgroup.org\/ifpage\/index.cfm\/fuseaction\/home.showcredits\/CFID=24435092&amp;CFTOKEN=67683689.cfm\">Armstrong exhibition &#8211; Ippolito Fleitz Group<\/a> (descripci\u00f3n con fotograf\u00edas)<br \/>\n+ <a href=\"http:\/\/www.gooood.hk\/Armstrong-By-IF-GROUP.htm\">Armstrong exhibition &#8211; gooood<\/a> (art\u00edculo de texto con fotograf\u00edas)<\/p>\n","protected":false},"excerpt":{"rendered":"<p>Armstrong exhibition (BAU 2013) Munich &#8211; Germany (2013). Proyecto, Ippolito Fleitz Group. Fotograf\u00edas, Armstrong\/P.G.Loske, Ippolito Fleitz Group. El stand de la empresa Armstrong dedicada a la fabricaci\u00f3n de revestimientos de lin\u00f3leo y vinilo, para la feria de la edificaci\u00f3n BAU &hellip; <a href=\"https:\/\/blog.bellostes.com\/?p=24521\">Continua leyendo <span class=\"meta-nav\">&raquo;<\/span><\/a><\/p>\n","protected":false},"author":1,"featured_media":0,"comment_status":"open","ping_status":"open","sticky":false,"template":"","format":"standard","meta":{"footnotes":""},"categories":[20,27,28,60,162,24],"tags":[93],"class_list":["post-24521","post","type-post","status-publish","format-standard","hentry","category-arquitectura-efimera","category-arquitectura-y-color","category-arquitectura-y-grafismo","category-arquitectura-y-plastico","category-diseno-de-espacios-expositivos","category-exposiciones","tag-pabellones-temporales"],"_links":{"self":[{"href":"https:\/\/blog.bellostes.com\/index.php?rest_route=\/wp\/v2\/posts\/24521","targetHints":{"allow":["GET"]}}],"collection":[{"href":"https:\/\/blog.bellostes.com\/index.php?rest_route=\/wp\/v2\/posts"}],"about":[{"href":"https:\/\/blog.bellostes.com\/index.php?rest_route=\/wp\/v2\/types\/post"}],"author":[{"embeddable":true,"href":"https:\/\/blog.bellostes.com\/index.php?rest_route=\/wp\/v2\/users\/1"}],"replies":[{"embeddable":true,"href":"https:\/\/blog.bellostes.com\/index.php?rest_route=%2Fwp%2Fv2%2Fcomments&post=24521"}],"version-history":[{"count":8,"href":"https:\/\/blog.bellostes.com\/index.php?rest_route=\/wp\/v2\/posts\/24521\/revisions"}],"predecessor-version":[{"id":24530,"href":"https:\/\/blog.bellostes.com\/index.php?rest_route=\/wp\/v2\/posts\/24521\/revisions\/24530"}],"wp:attachment":[{"href":"https:\/\/blog.bellostes.com\/index.php?rest_route=%2Fwp%2Fv2%2Fmedia&parent=24521"}],"wp:term":[{"taxonomy":"category","embeddable":true,"href":"https:\/\/blog.bellostes.com\/index.php?rest_route=%2Fwp%2Fv2%2Fcategories&post=24521"},{"taxonomy":"post_tag","embeddable":true,"href":"https:\/\/blog.bellostes.com\/index.php?rest_route=%2Fwp%2Fv2%2Ftags&post=24521"}],"curies":[{"name":"wp","href":"https:\/\/api.w.org\/{rel}","templated":true}]}}