{"id":24745,"date":"2013-05-10T11:55:14","date_gmt":"2013-05-10T09:55:14","guid":{"rendered":"https:\/\/blog.bellostes.com\/?p=24745"},"modified":"2013-06-07T10:04:33","modified_gmt":"2013-06-07T08:04:33","slug":"ondulaciones-de-luz-de-sombras-y-metacrilato-factory-building-on-the-vitra-campus","status":"publish","type":"post","link":"https:\/\/blog.bellostes.com\/?p=24745","title":{"rendered":"ondulaciones de luz, de sombras y metacrilato  &#8211; factory building on the vitra campus"},"content":{"rendered":"<p><img loading=\"lazy\" decoding=\"async\" class=\"alignnone size-full wp-image-24813\" alt=\"Factory Building on the Vitra Campus 02\" src=\"https:\/\/blog.bellostes.com\/media\/Factory-Building-on-the-Vitra-Campus-02.png\" width=\"675\" height=\"202\" srcset=\"https:\/\/blog.bellostes.com\/media\/Factory-Building-on-the-Vitra-Campus-02.png 675w, https:\/\/blog.bellostes.com\/media\/Factory-Building-on-the-Vitra-Campus-02-330x98.png 330w\" sizes=\"auto, (max-width: 675px) 100vw, 675px\" \/><\/p>\n<p>Factory Building on the Vitra Campus, Weil am Rhein &#8211; Germany (2012). Arquitectura,\u00a0 Kazuyo Sejima and Ryue Nishizawa \u201cSANAA\u201d. Fotograf\u00edas, Julien Lanoo.<\/p>\n<p>Plastificadas, en el blanco suave y pulido del metacrilato moldeado, las ondulaciones recorren el per\u00edmetro de la fachada, la din\u00e1mica est\u00e1tica se altera y alterna, en periodos de luz y sombra, se desplaza y recoge con los pasos de quien la recorre, acaso, con una mano extendida, para registrar, con la punta de los dedos, el tiempo que pasa, pero tambi\u00e9n, el que permanece definitivamente solidificado.<\/p>\n<p><img loading=\"lazy\" decoding=\"async\" class=\"alignnone size-full wp-image-24814\" alt=\"Factory Building on the Vitra Campus 01\" src=\"https:\/\/blog.bellostes.com\/media\/Factory-Building-on-the-Vitra-Campus-01.png\" width=\"675\" height=\"202\" srcset=\"https:\/\/blog.bellostes.com\/media\/Factory-Building-on-the-Vitra-Campus-01.png 675w, https:\/\/blog.bellostes.com\/media\/Factory-Building-on-the-Vitra-Campus-01-330x98.png 330w\" sizes=\"auto, (max-width: 675px) 100vw, 675px\" \/><\/p>\n<p>La piel exterior de la fachada, se ha resuelto con de paneles de vidrio acr\u00edlico (<a href=\"http:\/\/es.wikipedia.org\/wiki\/Polimetilmetacrilato\">polimetilmetacrilato<\/a>) de doble cara, una exterior incolora y transparente y la otra interior blanca y opaca, montados con fijaciones mec\u00e1nicas y anclados al cerramiento vertical.<\/p>\n<p>Para conseguir el efecto de oscilaciones aparentemente aleatorias, se han utilizado tres modelos de paneles de 1,8 m de ancho por 11,00m de alto, adem\u00e1s, el mismo panel puede instalarse en dos posiciones diferentes (rotado 180\u00ba), de tal manera que la soluci\u00f3n permite trabajar con la combinaci\u00f3n de seis variables.<\/p>\n<p>Los paneles inicialmente planos se han ondulado mediante la aplicando de un proceso de\u00a0moldeado al vac\u00edo o <a href=\"http:\/\/es.wikipedia.org\/wiki\/Termoconformado\">termoconformado<\/a>.<\/p>\n<p>M\u00e1s informaci\u00f3n:<\/p>\n<p>+ <a href=\"http:\/\/www.metalocus.es\/content\/es\/blog\/construir-una-cortina-2-en-detalle-sanaa-factory-building\">Factory Building on the Vitra Campus &#8211; metalocus<\/a> (art\u00edculo de texto con fotograf\u00edas planos y detalles constructivos de la fachada)<br \/>\n+ <a href=\"http:\/\/www.metalocus.es\/content\/es\/blog\/nave-de-producci%C3%B3n-en-vitra-campus-por-sanaa\">Factory Building on the Vitra Campus &#8211; metalocus<\/a> (con fotograf\u00edas y planos del edificio)<br \/>\n+ <a href=\"http:\/\/www.domusweb.it\/en\/architecture\/2013\/06\/3\/the_sublime_is_now.html\">Factory Building on the Vitra Campus &#8211; domusweb<\/a> (art\u00edculo de texto con fotograf\u00edas)<br \/>\n+ <a href=\"http:\/\/www.archdaily.com\/363581\/factory-building-on-the-vitra-campus-sanaa\/\">Factory Building on the Vitra Campus &#8211; archdaily<\/a> (art\u00edculo de texto con fotograf\u00edas)<br \/>\n+ <a href=\"http:\/\/www.ju-la.be\/Photogrphy\/225_Vitra_Sanaa_Logistic\/Content_LogisticsCenter.html\">Factory Building on the Vitra Campus &#8211; Julien Lanoo<\/a> (reportaje de fotograf\u00edas)<\/p>\n","protected":false},"excerpt":{"rendered":"<p>Factory Building on the Vitra Campus, Weil am Rhein &#8211; Germany (2012). Arquitectura,\u00a0 Kazuyo Sejima and Ryue Nishizawa \u201cSANAA\u201d. Fotograf\u00edas, Julien Lanoo. Plastificadas, en el blanco suave y pulido del metacrilato moldeado, las ondulaciones recorren el per\u00edmetro de la fachada, &hellip; <a href=\"https:\/\/blog.bellostes.com\/?p=24745\">Continua leyendo <span class=\"meta-nav\">&raquo;<\/span><\/a><\/p>\n","protected":false},"author":1,"featured_media":0,"comment_status":"open","ping_status":"open","sticky":false,"template":"","format":"standard","meta":{"footnotes":""},"categories":[7,60,99,40,134],"tags":[],"class_list":["post-24745","post","type-post","status-publish","format-standard","hentry","category-arquitects","category-arquitectura-y-plastico","category-diseno-y-fabricacion","category-arquitectura-industrial","category-sistemas-constructivos-fachadas"],"_links":{"self":[{"href":"https:\/\/blog.bellostes.com\/index.php?rest_route=\/wp\/v2\/posts\/24745","targetHints":{"allow":["GET"]}}],"collection":[{"href":"https:\/\/blog.bellostes.com\/index.php?rest_route=\/wp\/v2\/posts"}],"about":[{"href":"https:\/\/blog.bellostes.com\/index.php?rest_route=\/wp\/v2\/types\/post"}],"author":[{"embeddable":true,"href":"https:\/\/blog.bellostes.com\/index.php?rest_route=\/wp\/v2\/users\/1"}],"replies":[{"embeddable":true,"href":"https:\/\/blog.bellostes.com\/index.php?rest_route=%2Fwp%2Fv2%2Fcomments&post=24745"}],"version-history":[{"count":16,"href":"https:\/\/blog.bellostes.com\/index.php?rest_route=\/wp\/v2\/posts\/24745\/revisions"}],"predecessor-version":[{"id":24824,"href":"https:\/\/blog.bellostes.com\/index.php?rest_route=\/wp\/v2\/posts\/24745\/revisions\/24824"}],"wp:attachment":[{"href":"https:\/\/blog.bellostes.com\/index.php?rest_route=%2Fwp%2Fv2%2Fmedia&parent=24745"}],"wp:term":[{"taxonomy":"category","embeddable":true,"href":"https:\/\/blog.bellostes.com\/index.php?rest_route=%2Fwp%2Fv2%2Fcategories&post=24745"},{"taxonomy":"post_tag","embeddable":true,"href":"https:\/\/blog.bellostes.com\/index.php?rest_route=%2Fwp%2Fv2%2Ftags&post=24745"}],"curies":[{"name":"wp","href":"https:\/\/api.w.org\/{rel}","templated":true}]}}