{"id":25839,"date":"2013-09-02T11:41:18","date_gmt":"2013-09-02T09:41:18","guid":{"rendered":"https:\/\/blog.bellostes.com\/?p=25839"},"modified":"2013-10-07T11:42:04","modified_gmt":"2013-10-07T09:42:04","slug":"de-vuelta-con-el-blog-y-el-aula-de-arquitectura","status":"publish","type":"post","link":"https:\/\/blog.bellostes.com\/?p=25839","title":{"rendered":"de vuelta con el blog y el aula de arquitectura"},"content":{"rendered":"<p>Tras las vacaciones&#8230; vuelvo a reencontrarme con todos vosotros lectores y usuarios de este blog, con los que tengo la suerte de poder compartir el inter\u00e9s y la curiosidad por la arquitectura.<\/p>\n<p>Inicio la temporada 2013-2014 con la intenci\u00f3n de seguir investigando, conociendo y comentando los proyectos que de una forma u otra consiguen sorprenderme, as\u00ed como de\u00a0 consolidar el nuevo espacio en la red que abr\u00ed hace unos meses del aula de arquitectura.<\/p>\n<p>Ahora, tras la primera edici\u00f3n del curso \u00ablas arquitecturas del container\u00bb que impart\u00ed entre junio y julio de este a\u00f1o, quiero agradecer a todos los que hab\u00e9is participado vuestra implicaci\u00f3n y la actitud abierta, interesada y curiosa que hemos compartido.<\/p>\n<p>Impartir este curso me ha permitido constatar que una parte de nosotros seguimos interesados en experimentar y compartir otras formas de entender la arquitectura, seguimos abiertos a las alternativas, que sin duda, la arquitectura sigue ofreciendo, a quienes est\u00e1n dispuestos a explorar otras v\u00edas sin renunciar a la esencia de la acci\u00f3n arquitect\u00f3nica, ahora expandida, multiplicada, diversificada, desplegada en m\u00faltiples facetas para alcanzar a todos y cada uno de los \u00e1mbitos de la experiencia del habitar en la tierra.<\/p>\n<p>Esta certeza, me anima a seguir adelante con el aula arquitectura, la promoci\u00f3n de la segunda edici\u00f3n del curso \u00ab<a href=\"http:\/\/cursos.bellostes.com\/\">las arquitecturas del container<\/a>\u00bb y los cursos que estoy preparando con la intenci\u00f3n de participar activamente en el flujo din\u00e1mico de ideas y planteamientos alternativos que se est\u00e1n desarrollando en la actualidad.<\/p>\n","protected":false},"excerpt":{"rendered":"<p>Tras las vacaciones&#8230; vuelvo a reencontrarme con todos vosotros lectores y usuarios de este blog, con los que tengo la suerte de poder compartir el inter\u00e9s y la curiosidad por la arquitectura. Inicio la temporada 2013-2014 con la intenci\u00f3n de &hellip; <a href=\"https:\/\/blog.bellostes.com\/?p=25839\">Continua leyendo <span class=\"meta-nav\">&raquo;<\/span><\/a><\/p>\n","protected":false},"author":1,"featured_media":0,"comment_status":"open","ping_status":"open","sticky":false,"template":"","format":"standard","meta":{"footnotes":""},"categories":[144,133],"tags":[],"class_list":["post-25839","post","type-post","status-publish","format-standard","hentry","category-acerca-de-los-cursos-bellostes-com","category-acerca-del-blog-bellotes"],"_links":{"self":[{"href":"https:\/\/blog.bellostes.com\/index.php?rest_route=\/wp\/v2\/posts\/25839","targetHints":{"allow":["GET"]}}],"collection":[{"href":"https:\/\/blog.bellostes.com\/index.php?rest_route=\/wp\/v2\/posts"}],"about":[{"href":"https:\/\/blog.bellostes.com\/index.php?rest_route=\/wp\/v2\/types\/post"}],"author":[{"embeddable":true,"href":"https:\/\/blog.bellostes.com\/index.php?rest_route=\/wp\/v2\/users\/1"}],"replies":[{"embeddable":true,"href":"https:\/\/blog.bellostes.com\/index.php?rest_route=%2Fwp%2Fv2%2Fcomments&post=25839"}],"version-history":[{"count":8,"href":"https:\/\/blog.bellostes.com\/index.php?rest_route=\/wp\/v2\/posts\/25839\/revisions"}],"predecessor-version":[{"id":26421,"href":"https:\/\/blog.bellostes.com\/index.php?rest_route=\/wp\/v2\/posts\/25839\/revisions\/26421"}],"wp:attachment":[{"href":"https:\/\/blog.bellostes.com\/index.php?rest_route=%2Fwp%2Fv2%2Fmedia&parent=25839"}],"wp:term":[{"taxonomy":"category","embeddable":true,"href":"https:\/\/blog.bellostes.com\/index.php?rest_route=%2Fwp%2Fv2%2Fcategories&post=25839"},{"taxonomy":"post_tag","embeddable":true,"href":"https:\/\/blog.bellostes.com\/index.php?rest_route=%2Fwp%2Fv2%2Ftags&post=25839"}],"curies":[{"name":"wp","href":"https:\/\/api.w.org\/{rel}","templated":true}]}}