{"id":25842,"date":"2013-09-03T12:00:32","date_gmt":"2013-09-03T10:00:32","guid":{"rendered":"https:\/\/blog.bellostes.com\/?p=25842"},"modified":"2013-10-24T19:42:09","modified_gmt":"2013-10-24T17:42:09","slug":"fuera-del-bosque-dentro-del-pabellon-courtesy-of-nature-garden-pavilion","status":"publish","type":"post","link":"https:\/\/blog.bellostes.com\/?p=25842","title":{"rendered":"fuera del bosque dentro del pabell\u00f3n &#8211; courtesy of nature, garden pavilion"},"content":{"rendered":"<p><img loading=\"lazy\" decoding=\"async\" class=\"alignnone size-full wp-image-25844\" alt=\"courtesy of nature, garden pavilion\" src=\"https:\/\/blog.bellostes.com\/media\/courtesy-of-nature-garden-pavilion.png\" width=\"675\" height=\"200\" srcset=\"https:\/\/blog.bellostes.com\/media\/courtesy-of-nature-garden-pavilion.png 675w, https:\/\/blog.bellostes.com\/media\/courtesy-of-nature-garden-pavilion-330x97.png 330w\" sizes=\"auto, (max-width: 675px) 100vw, 675px\" \/><\/p>\n<p>Courtesy of Nature, garden pavilion (Jardins de M\u00e9tis, 2013 International Garden Festival) Grand-M\u00e9tis &#8211; Canada (2013). Proyecto, Johan Selbing y Anouk Vogel. Fotograf\u00edas, Jeroen Musch.<\/p>\n<p>Cortes\u00eda de la Naturaleza es un pabell\u00f3n de jard\u00edn temporal, construido en el marco del\u00a0 \u00ab<a href=\"http:\/\/www.refordgardens.com\/english\/festival\/presentation.php\">International Garden Festival, Jardins de M\u00e9tis<\/a>\u00ab.<\/p>\n<p><img loading=\"lazy\" decoding=\"async\" class=\"alignnone size-full wp-image-25862\" alt=\"courtesy of nature, garden pavilion 01\" src=\"https:\/\/blog.bellostes.com\/media\/courtesy-of-nature-garden-pavilion-01.png\" width=\"675\" height=\"195\" srcset=\"https:\/\/blog.bellostes.com\/media\/courtesy-of-nature-garden-pavilion-01.png 675w, https:\/\/blog.bellostes.com\/media\/courtesy-of-nature-garden-pavilion-01-330x95.png 330w\" sizes=\"auto, (max-width: 675px) 100vw, 675px\" \/><\/p>\n<p>La intervenci\u00f3n delimita un fragmento del bosque existente, construyendo un lugar ambiguo, abierto a m\u00faltiples interpretaciones. El objetivo es precisamente, animar al visitante a reflexionar en torno a su relaci\u00f3n con la naturaleza, se trata de explorar los sentimientos que despierta: admiraci\u00f3n, protecci\u00f3n, apropiaci\u00f3n, exclusi\u00f3n, etc<\/p>\n<p>As\u00ed el fragmento de bosque, seleccionado y aislado de su contexto habitual por la intervenci\u00f3n arquitect\u00f3nica que lo abstrae de su realidad cotidiana situ\u00e1ndolo en una posici\u00f3n\u00a0 excepcional, consigue que la identidad de este se altere temporalmente, pasando a ser una realidad fuera del bosque dentro del pabell\u00f3n<\/p>\n<p>M\u00e1s informaci\u00f3n:<\/p>\n<p>+ <a href=\"http:\/\/www.anoukvogel.nl\/indexhibit\/projects\/courtesy-of-nature\/\">Courtesy of Nature, garden pavilion &#8211; Anouk Vogel<\/a> (descripci\u00f3n con fotograf\u00edas y planos)<br \/>\n+ <a href=\"http:\/\/www.johanselbing.nl\/projects\/courtesy\/\">Courtesy of Nature, garden pavilion &#8211; Johan Selbing<\/a> (descripci\u00f3n con fotograf\u00edas)<br \/>\n+ <a href=\"http:\/\/www.refordgardens.com\/english\/festival\/garden-116-courtesy-of-nature.php?EC=1\">Courtesy of Nature, garden pavilion &#8211; Jardins de M\u00e9tis<\/a> (descripci\u00f3n con fotograf\u00edas y video)<br \/>\n+ <a href=\"http:\/\/www.dailytonic.com\/courtesy-of-nature-garden-by-johan-selbing-and-anouk-vogel-nl\/\">Courtesy of Nature, garden pavilion &#8211; dailytonic<\/a> (art\u00edculo de texto con fotograf\u00edas)<\/p>\n","protected":false},"excerpt":{"rendered":"<p>Courtesy of Nature, garden pavilion (Jardins de M\u00e9tis, 2013 International Garden Festival) Grand-M\u00e9tis &#8211; Canada (2013). Proyecto, Johan Selbing y Anouk Vogel. Fotograf\u00edas, Jeroen Musch. Cortes\u00eda de la Naturaleza es un pabell\u00f3n de jard\u00edn temporal, construido en el marco del\u00a0 &hellip; <a href=\"https:\/\/blog.bellostes.com\/?p=25842\">Continua leyendo <span class=\"meta-nav\">&raquo;<\/span><\/a><\/p>\n","protected":false},"author":1,"featured_media":0,"comment_status":"open","ping_status":"open","sticky":false,"template":"","format":"standard","meta":{"footnotes":""},"categories":[7,20,80,24],"tags":[93],"class_list":["post-25842","post","type-post","status-publish","format-standard","hentry","category-arquitects","category-arquitectura-efimera","category-arquitectura-y-espacios-naturales","category-exposiciones","tag-pabellones-temporales"],"_links":{"self":[{"href":"https:\/\/blog.bellostes.com\/index.php?rest_route=\/wp\/v2\/posts\/25842","targetHints":{"allow":["GET"]}}],"collection":[{"href":"https:\/\/blog.bellostes.com\/index.php?rest_route=\/wp\/v2\/posts"}],"about":[{"href":"https:\/\/blog.bellostes.com\/index.php?rest_route=\/wp\/v2\/types\/post"}],"author":[{"embeddable":true,"href":"https:\/\/blog.bellostes.com\/index.php?rest_route=\/wp\/v2\/users\/1"}],"replies":[{"embeddable":true,"href":"https:\/\/blog.bellostes.com\/index.php?rest_route=%2Fwp%2Fv2%2Fcomments&post=25842"}],"version-history":[{"count":10,"href":"https:\/\/blog.bellostes.com\/index.php?rest_route=\/wp\/v2\/posts\/25842\/revisions"}],"predecessor-version":[{"id":25866,"href":"https:\/\/blog.bellostes.com\/index.php?rest_route=\/wp\/v2\/posts\/25842\/revisions\/25866"}],"wp:attachment":[{"href":"https:\/\/blog.bellostes.com\/index.php?rest_route=%2Fwp%2Fv2%2Fmedia&parent=25842"}],"wp:term":[{"taxonomy":"category","embeddable":true,"href":"https:\/\/blog.bellostes.com\/index.php?rest_route=%2Fwp%2Fv2%2Fcategories&post=25842"},{"taxonomy":"post_tag","embeddable":true,"href":"https:\/\/blog.bellostes.com\/index.php?rest_route=%2Fwp%2Fv2%2Ftags&post=25842"}],"curies":[{"name":"wp","href":"https:\/\/api.w.org\/{rel}","templated":true}]}}