{"id":26065,"date":"2013-09-21T15:17:38","date_gmt":"2013-09-21T13:17:38","guid":{"rendered":"https:\/\/blog.bellostes.com\/?p=26065"},"modified":"2013-10-27T13:43:55","modified_gmt":"2013-10-27T12:43:55","slug":"entre-el-aire-y-el-agua-minamo-exhibition","status":"publish","type":"post","link":"https:\/\/blog.bellostes.com\/?p=26065","title":{"rendered":"entre el aire y el agua &#8211; minamo exhibition"},"content":{"rendered":"<p><img loading=\"lazy\" decoding=\"async\" class=\"alignnone size-full wp-image-26163\" alt=\"Minamo exhibition 01\" src=\"https:\/\/blog.bellostes.com\/media\/Minamo-exhibition-01.png\" width=\"685\" height=\"198\" srcset=\"https:\/\/blog.bellostes.com\/media\/Minamo-exhibition-01.png 685w, https:\/\/blog.bellostes.com\/media\/Minamo-exhibition-01-330x95.png 330w, https:\/\/blog.bellostes.com\/media\/Minamo-exhibition-01-675x195.png 675w\" sizes=\"auto, (max-width: 685px) 100vw, 685px\" \/><\/p>\n<p>Minamo exhibition (Tokyo Designers Week 2011) Tokyo &#8211; Japan (2011). Arquitectura, Torafu Architects. Fotograf\u00edas, Daici Ano<\/p>\n<p>En el marco de la \u00abSemana de los Dise\u00f1adores de Tokio\u00bb el pabell\u00f3n de la firma especializada en sanitarios y grifer\u00edas \u00abToto design\u00bb se centro en la experiencia del agua como reflejo de la actividad de la firma.<\/p>\n<p><img loading=\"lazy\" decoding=\"async\" class=\"alignnone size-full wp-image-26164\" alt=\"Minamo exhibition\" src=\"https:\/\/blog.bellostes.com\/media\/Minamo-exhibition.png\" width=\"675\" height=\"196\" srcset=\"https:\/\/blog.bellostes.com\/media\/Minamo-exhibition.png 675w, https:\/\/blog.bellostes.com\/media\/Minamo-exhibition-330x95.png 330w\" sizes=\"auto, (max-width: 675px) 100vw, 675px\" \/><\/p>\n<p>Los productos de la empresa interact\u00faan con el agua, es esta relaci\u00f3n la que modela y determina el sentido de cada dise\u00f1o. Con esta idea el pabell\u00f3n captura y reproduce una impresi\u00f3n, la de la luz reflejada en la superficie del agua, un plano bidimensional, que aqu\u00ed se amplia a tres, para sumergir al espectador, entre el aire y el agua, en el interior de la luz.<\/p>\n<p>M\u00e1s informaci\u00f3n:<\/p>\n<p>+ <a href=\"http:\/\/torafu.com\/works\/min\">Minamo exhibition &#8211; Torafu Architects<\/a> (descripci\u00f3n con fotograf\u00edas y v\u00eddeo)<br \/>\n+ <a href=\"http:\/\/www.toto.co.jp\/design\/en\/tdw2011\/\">Minamo exhibition &#8211; Toto Design<\/a> (art\u00edculo de texto con fotograf\u00edas)<\/p>\n","protected":false},"excerpt":{"rendered":"<p>Minamo exhibition (Tokyo Designers Week 2011) Tokyo &#8211; Japan (2011). Arquitectura, Torafu Architects. Fotograf\u00edas, Daici Ano En el marco de la \u00abSemana de los Dise\u00f1adores de Tokio\u00bb el pabell\u00f3n de la firma especializada en sanitarios y grifer\u00edas \u00abToto design\u00bb se &hellip; <a href=\"https:\/\/blog.bellostes.com\/?p=26065\">Continua leyendo <span class=\"meta-nav\">&raquo;<\/span><\/a><\/p>\n","protected":false},"author":1,"featured_media":0,"comment_status":"open","ping_status":"open","sticky":false,"template":"","format":"standard","meta":{"footnotes":""},"categories":[7,20,45,26,162,24,36],"tags":[130,93],"class_list":["post-26065","post","type-post","status-publish","format-standard","hentry","category-arquitects","category-arquitectura-efimera","category-arquitectura-y-multimedia","category-arte","category-diseno-de-espacios-expositivos","category-exposiciones","category-proyectos-espacios-comerciales","tag-exposiciones-2","tag-pabellones-temporales"],"_links":{"self":[{"href":"https:\/\/blog.bellostes.com\/index.php?rest_route=\/wp\/v2\/posts\/26065","targetHints":{"allow":["GET"]}}],"collection":[{"href":"https:\/\/blog.bellostes.com\/index.php?rest_route=\/wp\/v2\/posts"}],"about":[{"href":"https:\/\/blog.bellostes.com\/index.php?rest_route=\/wp\/v2\/types\/post"}],"author":[{"embeddable":true,"href":"https:\/\/blog.bellostes.com\/index.php?rest_route=\/wp\/v2\/users\/1"}],"replies":[{"embeddable":true,"href":"https:\/\/blog.bellostes.com\/index.php?rest_route=%2Fwp%2Fv2%2Fcomments&post=26065"}],"version-history":[{"count":6,"href":"https:\/\/blog.bellostes.com\/index.php?rest_route=\/wp\/v2\/posts\/26065\/revisions"}],"predecessor-version":[{"id":26168,"href":"https:\/\/blog.bellostes.com\/index.php?rest_route=\/wp\/v2\/posts\/26065\/revisions\/26168"}],"wp:attachment":[{"href":"https:\/\/blog.bellostes.com\/index.php?rest_route=%2Fwp%2Fv2%2Fmedia&parent=26065"}],"wp:term":[{"taxonomy":"category","embeddable":true,"href":"https:\/\/blog.bellostes.com\/index.php?rest_route=%2Fwp%2Fv2%2Fcategories&post=26065"},{"taxonomy":"post_tag","embeddable":true,"href":"https:\/\/blog.bellostes.com\/index.php?rest_route=%2Fwp%2Fv2%2Ftags&post=26065"}],"curies":[{"name":"wp","href":"https:\/\/api.w.org\/{rel}","templated":true}]}}