{"id":26379,"date":"2013-10-05T12:13:35","date_gmt":"2013-10-05T10:13:35","guid":{"rendered":"https:\/\/blog.bellostes.com\/?p=26379"},"modified":"2013-10-05T12:13:35","modified_gmt":"2013-10-05T10:13:35","slug":"botellas-precipitadas-head-in-the-clouds-summer-pavilion","status":"publish","type":"post","link":"https:\/\/blog.bellostes.com\/?p=26379","title":{"rendered":"botellas precipitadas &#8211; head in the clouds, summer pavilion"},"content":{"rendered":"<p><img loading=\"lazy\" decoding=\"async\" class=\"alignnone size-full wp-image-26382\" alt=\"The Head in the clouds pavilion\" src=\"https:\/\/blog.bellostes.com\/media\/The-Head-in-the-clouds-pavilion.png\" width=\"675\" height=\"199\" srcset=\"https:\/\/blog.bellostes.com\/media\/The-Head-in-the-clouds-pavilion.png 675w, https:\/\/blog.bellostes.com\/media\/The-Head-in-the-clouds-pavilion-330x97.png 330w\" sizes=\"auto, (max-width: 675px) 100vw, 675px\" \/><\/p>\n<p>The Head in the clouds pavilion (Governors Island\/<a href=\"http:\/\/newyork.figmentproject.org\/long-term-exhibitions\/city-of-dreams-pavilion-2012-2013\/\">2013 City of Dreams Pavilion Competition<\/a>), New York &#8211; United States (2013). Arquitectura, Studio Klimoski Chang Architects \u00abStudioKCA\u00bb. Fotograf\u00edas, studiokca.com<\/p>\n<p>El planteamiento del pabell\u00f3n parte de la expresi\u00f3n \u00abestar en las nubes\u00bb. El espacio forma una nube de botellas de pl\u00e1stico, reutilizadas y acumuladas (como el agua que conten\u00edan) en una envolvente ahuecada, donde estar, literalmente, en las nubes.<\/p>\n<p><img loading=\"lazy\" decoding=\"async\" class=\"alignnone size-full wp-image-26383\" alt=\"The Head in the clouds pavilion 01\" src=\"https:\/\/blog.bellostes.com\/media\/The-Head-in-the-clouds-pavilion-01.png\" width=\"675\" height=\"195\" srcset=\"https:\/\/blog.bellostes.com\/media\/The-Head-in-the-clouds-pavilion-01.png 675w, https:\/\/blog.bellostes.com\/media\/The-Head-in-the-clouds-pavilion-01-330x95.png 330w\" sizes=\"auto, (max-width: 675px) 100vw, 675px\" \/><\/p>\n<p>Este ha sido el proyecto seleccionado en la edici\u00f3n de a\u00f1o 2013 del concurso \u00ab<a href=\"http:\/\/newyork.figmentproject.org\/long-term-exhibitions\/city-of-dreams-pavilion-2012-2013\/\">City of Dreams Pavilion<\/a>\u00bb una iniciativa de \u00ab<a href=\"http:\/\/newyork.figmentproject.org\/\">Figment project<\/a>\u00bb que cada a\u00f1o promueve la construcci\u00f3n de un pabell\u00f3n de verano en la \u00abGovernors Island\u00bb de \u00abNew York\u00bb con el objetivo de potenciar, mostrar y compartir, un lugar en el que la imaginaci\u00f3n es el centro de la acci\u00f3n creativa arquitect\u00f3nica.<\/p>\n<p>M\u00e1s informaci\u00f3n:<\/p>\n<p>+ <a href=\"http:\/\/studiokca.com\/index.php#\/projects\/head-in-the-clouds\/Exterior_7_2\">The Head in the clouds pavilion &#8211; StudioKCA<\/a> (reportaje de fotograf\u00edas)<br \/>\n+ <a href=\"https:\/\/www.facebook.com\/events\/131148183719561\/\">The Head in the clouds pavilion &#8211; 2013 City of Dreams Pavilion<\/a> (en el\u00a0facebook del proyecto, documentado el proceso de dise\u00f1o y montaje del pabell\u00f3n)<br \/>\n+ <a href=\"http:\/\/www.kickstarter.com\/projects\/64242464\/head-in-the-clouds-2\">The Head in the clouds pavilion &#8211; kick starter<\/a> (reportaje en v\u00eddeo y descripci\u00f3n con im\u00e1genes del proyecto)<br \/>\n+ <a href=\"http:\/\/www.architizer.com\/projects\/head-in-the-clouds\/#.UU-323e5CM8\">The Head in the clouds pavilion &#8211; architizer<\/a> (descripcci\u00f3n con fotograf\u00edas y paneles del concurso, m\u00e1s una recopilaci\u00f3n de enlaces a art\u00edculos relacionados)<\/p>\n","protected":false},"excerpt":{"rendered":"<p>The Head in the clouds pavilion (Governors Island\/2013 City of Dreams Pavilion Competition), New York &#8211; United States (2013). Arquitectura, Studio Klimoski Chang Architects \u00abStudioKCA\u00bb. Fotograf\u00edas, studiokca.com El planteamiento del pabell\u00f3n parte de la expresi\u00f3n \u00abestar en las nubes\u00bb. El &hellip; <a href=\"https:\/\/blog.bellostes.com\/?p=26379\">Continua leyendo <span class=\"meta-nav\">&raquo;<\/span><\/a><\/p>\n","protected":false},"author":1,"featured_media":0,"comment_status":"open","ping_status":"open","sticky":false,"template":"","format":"standard","meta":{"footnotes":""},"categories":[7,20,109,60,24,52],"tags":[93],"class_list":["post-26379","post","type-post","status-publish","format-standard","hentry","category-arquitects","category-arquitectura-efimera","category-arquitectura-y-escombros","category-arquitectura-y-plastico","category-exposiciones","category-proyectos-espacios-ludicos","tag-pabellones-temporales"],"_links":{"self":[{"href":"https:\/\/blog.bellostes.com\/index.php?rest_route=\/wp\/v2\/posts\/26379","targetHints":{"allow":["GET"]}}],"collection":[{"href":"https:\/\/blog.bellostes.com\/index.php?rest_route=\/wp\/v2\/posts"}],"about":[{"href":"https:\/\/blog.bellostes.com\/index.php?rest_route=\/wp\/v2\/types\/post"}],"author":[{"embeddable":true,"href":"https:\/\/blog.bellostes.com\/index.php?rest_route=\/wp\/v2\/users\/1"}],"replies":[{"embeddable":true,"href":"https:\/\/blog.bellostes.com\/index.php?rest_route=%2Fwp%2Fv2%2Fcomments&post=26379"}],"version-history":[{"count":10,"href":"https:\/\/blog.bellostes.com\/index.php?rest_route=\/wp\/v2\/posts\/26379\/revisions"}],"predecessor-version":[{"id":26391,"href":"https:\/\/blog.bellostes.com\/index.php?rest_route=\/wp\/v2\/posts\/26379\/revisions\/26391"}],"wp:attachment":[{"href":"https:\/\/blog.bellostes.com\/index.php?rest_route=%2Fwp%2Fv2%2Fmedia&parent=26379"}],"wp:term":[{"taxonomy":"category","embeddable":true,"href":"https:\/\/blog.bellostes.com\/index.php?rest_route=%2Fwp%2Fv2%2Fcategories&post=26379"},{"taxonomy":"post_tag","embeddable":true,"href":"https:\/\/blog.bellostes.com\/index.php?rest_route=%2Fwp%2Fv2%2Ftags&post=26379"}],"curies":[{"name":"wp","href":"https:\/\/api.w.org\/{rel}","templated":true}]}}