{"id":26407,"date":"2013-10-12T14:56:11","date_gmt":"2013-10-12T12:56:11","guid":{"rendered":"https:\/\/blog.bellostes.com\/?p=26407"},"modified":"2016-02-04T19:12:07","modified_gmt":"2016-02-04T18:12:07","slug":"mira-y-compara-el-mes-del-consumo-inteligente-exposicion-temporal","status":"publish","type":"post","link":"https:\/\/blog.bellostes.com\/?p=26407","title":{"rendered":"mira y compara &#8211; el mes del consumo inteligente, exposici\u00f3n temporal"},"content":{"rendered":"<p><img loading=\"lazy\" decoding=\"async\" class=\"alignnone size-full wp-image-26525\" src=\"https:\/\/blog.bellostes.com\/media\/Power-Smart-Month-01.png\" alt=\"Power Smart Month 01\" width=\"675\" height=\"203\" srcset=\"https:\/\/blog.bellostes.com\/media\/Power-Smart-Month-01.png 675w, https:\/\/blog.bellostes.com\/media\/Power-Smart-Month-01-330x99.png 330w\" sizes=\"auto, (max-width: 675px) 100vw, 675px\" \/><\/p>\n<p>El mes del consumo inteligente, exposici\u00f3n temporal \/ Power Smart Month, temporary exhibiti\u00f3n (<a href=\"http:\/\/www.bchydro.com\/index.html\">BC Hydro<\/a>),\u00a0Vancouver &#8211; Canada (2010). Proyecto,<a href=\"http:\/\/www.smak.ca\/\"> Smak<\/a>. Fotograf\u00edas, Gerry Kahrmann.<\/p>\n<p>Con el objetivo de exponer de forma explicita el diferencial de consumo el\u00e9ctrico, entre una vivienda dise\u00f1ada con criterios de eficiencia energ\u00e9tica y otra convencional. La exposici\u00f3n presenta ante el publico dos entornos domestico, habitados durante cuatro d\u00edas por dos actores, alojados en un contenedor de carga reutilizado conectado a un contador que registrar y muestra, a tiempo real, las diferencias de consumo.<\/p>\n<p>M\u00e1s informaci\u00f3n:<\/p>\n<p>+ <a href=\"http:\/\/www.visualnews.com\/2010\/12\/13\/shipping-container-condos-bc-hydro-vancouver\/\">Power Smart Month &#8211; visualnews<\/a> (art\u00edculo de texto con fotograf\u00edas)<br \/>\n+ <a href=\"http:\/\/aiwadesign.wordpress.com\/2010\/10\/07\/bc-hydro-power-smart-cubes\/\">Power Smart Month &#8211; aiwa design<\/a> (art\u00edculo con fotograf\u00edas)<\/p>\n","protected":false},"excerpt":{"rendered":"<p>El mes del consumo inteligente, exposici\u00f3n temporal \/ Power Smart Month, temporary exhibiti\u00f3n (BC Hydro),\u00a0Vancouver &#8211; Canada (2010). Proyecto, Smak. Fotograf\u00edas, Gerry Kahrmann. Con el objetivo de exponer de forma explicita el diferencial de consumo el\u00e9ctrico, entre una vivienda dise\u00f1ada &hellip; <a href=\"https:\/\/blog.bellostes.com\/?p=26407\">Continua leyendo <span class=\"meta-nav\">&raquo;<\/span><\/a><\/p>\n","protected":false},"author":1,"featured_media":0,"comment_status":"open","ping_status":"open","sticky":false,"template":"","format":"standard","meta":{"footnotes":""},"categories":[20,72,22,84,162,24],"tags":[130,93],"class_list":["post-26407","post","type-post","status-publish","format-standard","hentry","category-arquitectura-efimera","category-arquitectura-itinerante","category-arquitectura-modular","category-arquitectura-y-containers","category-diseno-de-espacios-expositivos","category-exposiciones","tag-exposiciones-2","tag-pabellones-temporales"],"_links":{"self":[{"href":"https:\/\/blog.bellostes.com\/index.php?rest_route=\/wp\/v2\/posts\/26407","targetHints":{"allow":["GET"]}}],"collection":[{"href":"https:\/\/blog.bellostes.com\/index.php?rest_route=\/wp\/v2\/posts"}],"about":[{"href":"https:\/\/blog.bellostes.com\/index.php?rest_route=\/wp\/v2\/types\/post"}],"author":[{"embeddable":true,"href":"https:\/\/blog.bellostes.com\/index.php?rest_route=\/wp\/v2\/users\/1"}],"replies":[{"embeddable":true,"href":"https:\/\/blog.bellostes.com\/index.php?rest_route=%2Fwp%2Fv2%2Fcomments&post=26407"}],"version-history":[{"count":8,"href":"https:\/\/blog.bellostes.com\/index.php?rest_route=\/wp\/v2\/posts\/26407\/revisions"}],"predecessor-version":[{"id":29135,"href":"https:\/\/blog.bellostes.com\/index.php?rest_route=\/wp\/v2\/posts\/26407\/revisions\/29135"}],"wp:attachment":[{"href":"https:\/\/blog.bellostes.com\/index.php?rest_route=%2Fwp%2Fv2%2Fmedia&parent=26407"}],"wp:term":[{"taxonomy":"category","embeddable":true,"href":"https:\/\/blog.bellostes.com\/index.php?rest_route=%2Fwp%2Fv2%2Fcategories&post=26407"},{"taxonomy":"post_tag","embeddable":true,"href":"https:\/\/blog.bellostes.com\/index.php?rest_route=%2Fwp%2Fv2%2Ftags&post=26407"}],"curies":[{"name":"wp","href":"https:\/\/api.w.org\/{rel}","templated":true}]}}