{"id":27614,"date":"2014-01-31T13:04:05","date_gmt":"2014-01-31T12:04:05","guid":{"rendered":"https:\/\/blog.bellostes.com\/?p=27614"},"modified":"2016-04-28T18:47:03","modified_gmt":"2016-04-28T16:47:03","slug":"la-dualidad-del-ser-das-haus-exhibition-house","status":"publish","type":"post","link":"https:\/\/blog.bellostes.com\/?p=27614","title":{"rendered":"la dualidad del ser &#8211; das haus, exhibition house"},"content":{"rendered":"<p><img loading=\"lazy\" decoding=\"async\" class=\"alignnone size-full wp-image-27619\" src=\"https:\/\/blog.bellostes.com\/media\/Das-Haus-exhibition-house-imm-cologne-2014.png\" alt=\"Das Haus, exhibition house (imm cologne 2014)\" width=\"675\" height=\"200\" srcset=\"https:\/\/blog.bellostes.com\/media\/Das-Haus-exhibition-house-imm-cologne-2014.png 675w, https:\/\/blog.bellostes.com\/media\/Das-Haus-exhibition-house-imm-cologne-2014-330x97.png 330w\" sizes=\"auto, (max-width: 675px) 100vw, 675px\" \/><\/p>\n<p>Das Haus, exhibition house (imm cologne 2014), Cologne &#8211; Germany (2014). Dise\u00f1o, <a href=\"http:\/\/www.louisecampbell.com\/\">Louise Campbell<\/a>. Fotograf\u00edas, <a href=\"http:\/\/www.constantin-meyer.de\/\">Constantin Meyer Photographie<\/a><\/p>\n<p>En el contexto de la muestra de dise\u00f1o internacional \u00ab<a href=\"http:\/\/www.imm-cologne.com\/en\/imm\/home\/index.php\">imm cologne<\/a>\u00ab. La exposici\u00f3n \u00abDas Haus\u00bb cada a\u00f1o, invita, a un estudio de dise\u00f1o preseleccionado, a construir su \u00abCasa Interior\u00bb.<\/p>\n<p><img loading=\"lazy\" decoding=\"async\" class=\"alignnone size-full wp-image-27620\" src=\"https:\/\/blog.bellostes.com\/media\/Das-Haus-exhibition-house-imm-cologne-2014-01.png\" alt=\"Das Haus, exhibition house (imm cologne 2014) 01\" width=\"675\" height=\"198\" srcset=\"https:\/\/blog.bellostes.com\/media\/Das-Haus-exhibition-house-imm-cologne-2014-01.png 675w, https:\/\/blog.bellostes.com\/media\/Das-Haus-exhibition-house-imm-cologne-2014-01-330x96.png 330w\" sizes=\"auto, (max-width: 675px) 100vw, 675px\" \/><\/p>\n<p>El pabell\u00f3n de 240m2, esta compuesto por dos vol\u00famenes equivalentes de planta rectangular y cubierta a dos aguas, construidos con estructura de madera, y montados formando un rect\u00e1ngulo central resultado de la intersecci\u00f3n de ambos (<a href=\"http:\/\/www.designboom.com\/wp-content\/gallery\/louise-campbell-envisions-das-hause-for-imm-cologne-2014\/g16.jpg\">ver fotograf\u00eda de la maqueta<\/a>).<\/p>\n<p>M\u00e1s informaci\u00f3n:<\/p>\n<p>+ <a href=\"http:\/\/mocoloco.com\/vote\/imm-cologne-2014-das-haus\/\">Das Haus, exhibition house &#8211; mocoloco<\/a> (articulo de texto con fotograf\u00edas de la obra acabada y <a href=\"http:\/\/mocoloco.com\/vote\/imm-colgne-2014-das-haus-preview\/\">del proyecto<\/a>)<br \/>\n+ <a href=\"http:\/\/www.dezeen.com\/2014\/01\/14\/das-haus-house-of-the-future-concept-installed-at-imm-cologne-2014-by-louise-campbell\/\">Das Haus, exhibition house &#8211; Dezeen<\/a> (articulo de texto con fotograf\u00edas)<br \/>\n+ <a href=\"http:\/\/www.designboom.com\/design\/louise-campbell-envisions-das-haus-for-imm-cologne-2014-01-17-2014\/\">Das Haus, exhibition house &#8211; designboom<\/a> (articulo de texto con fotograf\u00edas)<br \/>\n+ <a href=\"http:\/\/www.metalocus.es\/content\/es\/blog\/una-casa-manual-por-louise-campbell\">Das Haus, exhibition house &#8211; metalocus<\/a> (articulo de texto con fotograf\u00edas)<\/p>\n","protected":false},"excerpt":{"rendered":"<p>Das Haus, exhibition house (imm cologne 2014), Cologne &#8211; Germany (2014). Dise\u00f1o, Louise Campbell. Fotograf\u00edas, Constantin Meyer Photographie En el contexto de la muestra de dise\u00f1o internacional \u00abimm cologne\u00ab. La exposici\u00f3n \u00abDas Haus\u00bb cada a\u00f1o, invita, a un estudio de &hellip; <a href=\"https:\/\/blog.bellostes.com\/?p=27614\">Continua leyendo <span class=\"meta-nav\">&raquo;<\/span><\/a><\/p>\n","protected":false},"author":1,"featured_media":0,"comment_status":"open","ping_status":"open","sticky":false,"template":"","format":"standard","meta":{"footnotes":""},"categories":[20,50,162,161,24,171],"tags":[93],"class_list":["post-27614","post","type-post","status-publish","format-standard","hentry","category-arquitectura-efimera","category-arquitectura-y-madera","category-diseno-de-espacios-expositivos","category-diseno-interior-2","category-exposiciones","category-sistemas-constructivos-tejuelas","tag-pabellones-temporales"],"_links":{"self":[{"href":"https:\/\/blog.bellostes.com\/index.php?rest_route=\/wp\/v2\/posts\/27614","targetHints":{"allow":["GET"]}}],"collection":[{"href":"https:\/\/blog.bellostes.com\/index.php?rest_route=\/wp\/v2\/posts"}],"about":[{"href":"https:\/\/blog.bellostes.com\/index.php?rest_route=\/wp\/v2\/types\/post"}],"author":[{"embeddable":true,"href":"https:\/\/blog.bellostes.com\/index.php?rest_route=\/wp\/v2\/users\/1"}],"replies":[{"embeddable":true,"href":"https:\/\/blog.bellostes.com\/index.php?rest_route=%2Fwp%2Fv2%2Fcomments&post=27614"}],"version-history":[{"count":11,"href":"https:\/\/blog.bellostes.com\/index.php?rest_route=\/wp\/v2\/posts\/27614\/revisions"}],"predecessor-version":[{"id":30133,"href":"https:\/\/blog.bellostes.com\/index.php?rest_route=\/wp\/v2\/posts\/27614\/revisions\/30133"}],"wp:attachment":[{"href":"https:\/\/blog.bellostes.com\/index.php?rest_route=%2Fwp%2Fv2%2Fmedia&parent=27614"}],"wp:term":[{"taxonomy":"category","embeddable":true,"href":"https:\/\/blog.bellostes.com\/index.php?rest_route=%2Fwp%2Fv2%2Fcategories&post=27614"},{"taxonomy":"post_tag","embeddable":true,"href":"https:\/\/blog.bellostes.com\/index.php?rest_route=%2Fwp%2Fv2%2Ftags&post=27614"}],"curies":[{"name":"wp","href":"https:\/\/api.w.org\/{rel}","templated":true}]}}