{"id":2794,"date":"2009-05-19T05:01:24","date_gmt":"2009-05-19T10:01:24","guid":{"rendered":"https:\/\/blog.bellostes.com\/?p=2794"},"modified":"2009-05-19T05:01:24","modified_gmt":"2009-05-19T10:01:24","slug":"notas-de-color-black-hall","status":"publish","type":"post","link":"https:\/\/blog.bellostes.com\/?p=2794","title":{"rendered":"notas de color &#8211; black hall"},"content":{"rendered":"<p><a href=\"https:\/\/blog.bellostes.com\/media\/black-hall.png\"><img loading=\"lazy\" decoding=\"async\" width=\"675\" height=\"203\" class=\"alignnone size-full wp-image-2795\" title=\"black-hall\" src=\"https:\/\/blog.bellostes.com\/media\/black-hall.png\" alt=\"\" srcset=\"https:\/\/blog.bellostes.com\/media\/black-hall.png 675w, https:\/\/blog.bellostes.com\/media\/black-hall-330x99.png 330w\" sizes=\"auto, (max-width: 675px) 100vw, 675px\" \/><\/a><\/p>\n<p>Black Hall, (Senzoku Gakuen College of music) Kawasaki &#8211; Japan (2009). Arquitectura, TeradaDesign Architect. Fotograf\u00edas, Yuki Omori.<\/p>\n<p>+ <a href=\"http:\/\/www.teradadesign.com\/inte\/senzoku\/senzoku.html\">Black Hall &#8211; TeradaDesign Architect<\/a> (ficha del proyecto y reportaje de fotograf\u00edas)<br \/>\n+ <a href=\"http:\/\/www.spoon-tamago.com\/2009\/04\/15\/black-hall-by-terada-design\/\">Black Hall &#8211; Spoon &amp; Tomago<\/a> (art\u00edculo de texto con fotograf\u00edas)<\/p>\n","protected":false},"excerpt":{"rendered":"<p>Black Hall, (Senzoku Gakuen College of music) Kawasaki &#8211; Japan (2009). Arquitectura, TeradaDesign Architect. Fotograf\u00edas, Yuki Omori. + Black Hall &#8211; TeradaDesign Architect (ficha del proyecto y reportaje de fotograf\u00edas) + Black Hall &#8211; Spoon &amp; Tomago (art\u00edculo de texto &hellip; <a href=\"https:\/\/blog.bellostes.com\/?p=2794\">Continua leyendo <span class=\"meta-nav\">&raquo;<\/span><\/a><\/p>\n","protected":false},"author":1,"featured_media":0,"comment_status":"open","ping_status":"open","sticky":false,"template":"","format":"standard","meta":{"footnotes":""},"categories":[7,27,28,33],"tags":[],"class_list":["post-2794","post","type-post","status-publish","format-standard","hentry","category-arquitects","category-arquitectura-y-color","category-arquitectura-y-grafismo","category-proyectos-equipamientos-educativos"],"_links":{"self":[{"href":"https:\/\/blog.bellostes.com\/index.php?rest_route=\/wp\/v2\/posts\/2794","targetHints":{"allow":["GET"]}}],"collection":[{"href":"https:\/\/blog.bellostes.com\/index.php?rest_route=\/wp\/v2\/posts"}],"about":[{"href":"https:\/\/blog.bellostes.com\/index.php?rest_route=\/wp\/v2\/types\/post"}],"author":[{"embeddable":true,"href":"https:\/\/blog.bellostes.com\/index.php?rest_route=\/wp\/v2\/users\/1"}],"replies":[{"embeddable":true,"href":"https:\/\/blog.bellostes.com\/index.php?rest_route=%2Fwp%2Fv2%2Fcomments&post=2794"}],"version-history":[{"count":0,"href":"https:\/\/blog.bellostes.com\/index.php?rest_route=\/wp\/v2\/posts\/2794\/revisions"}],"wp:attachment":[{"href":"https:\/\/blog.bellostes.com\/index.php?rest_route=%2Fwp%2Fv2%2Fmedia&parent=2794"}],"wp:term":[{"taxonomy":"category","embeddable":true,"href":"https:\/\/blog.bellostes.com\/index.php?rest_route=%2Fwp%2Fv2%2Fcategories&post=2794"},{"taxonomy":"post_tag","embeddable":true,"href":"https:\/\/blog.bellostes.com\/index.php?rest_route=%2Fwp%2Fv2%2Ftags&post=2794"}],"curies":[{"name":"wp","href":"https:\/\/api.w.org\/{rel}","templated":true}]}}