{"id":2870,"date":"2009-06-08T04:32:42","date_gmt":"2009-06-08T09:32:42","guid":{"rendered":"https:\/\/blog.bellostes.com\/?p=2870"},"modified":"2011-03-09T20:10:53","modified_gmt":"2011-03-09T19:10:53","slug":"a-escala-16-a-piece-of-banyan-pavilion","status":"publish","type":"post","link":"https:\/\/blog.bellostes.com\/?p=2870","title":{"rendered":"a escala 1:6 &#8211; \u00aba piece of banyan\u00bb pavilion"},"content":{"rendered":"<p><a href=\"https:\/\/blog.bellostes.com\/media\/a-piece-of-banyan-03.png\"><img loading=\"lazy\" decoding=\"async\" width=\"675\" height=\"204\" class=\"alignnone size-full wp-image-2871\" title=\"a-piece-of-banyan-03\" src=\"https:\/\/blog.bellostes.com\/media\/a-piece-of-banyan-03.png\" alt=\"\" srcset=\"https:\/\/blog.bellostes.com\/media\/a-piece-of-banyan-03.png 675w, https:\/\/blog.bellostes.com\/media\/a-piece-of-banyan-03-330x99.png 330w\" sizes=\"auto, (max-width: 675px) 100vw, 675px\" \/><\/a><\/p>\n<p>A piece of banyan (Salone del Mobile in Milan) Milan &#8211; Italy (2008). Arquitectura, Francine Houben \u00ab<a href=\"http:\/\/www.mecanoo.nl\/\">mecanoo architecten<\/a>\u00ab. Fotograf\u00edas, irisceramica.com (arriba) y galer\u00eda de \u00abChina Blu\u00bb en flickr (abajo).<\/p>\n<p>\u00abA piece of banyan\u00bb, el pabell\u00f3n temporal que se expuso en la edici\u00f3n del a\u00f1o 2008 del \u00abSal\u00f3n del Mueble de Milan\u00bb es un fragmento del proyecto \u00ab<a href=\"http:\/\/www.dezona.com\/newsdetails.php?newsid=6959\">Wei-Wu-Ying Center for the Performing Arts<\/a>\u00bb un nuevo centro de las artes esc\u00e9nicas que se construir\u00e1 en la ciudad portuaria de \u00abKaohsiung\u00bb en Taiw\u00e1n.<\/p>\n<p><a href=\"https:\/\/blog.bellostes.com\/media\/a-piece-of-banyan.png\"><img loading=\"lazy\" decoding=\"async\" width=\"675\" height=\"191\" class=\"alignnone size-full wp-image-2872\" title=\"a-piece-of-banyan\" src=\"https:\/\/blog.bellostes.com\/media\/a-piece-of-banyan.png\" alt=\"\" srcset=\"https:\/\/blog.bellostes.com\/media\/a-piece-of-banyan.png 675w, https:\/\/blog.bellostes.com\/media\/a-piece-of-banyan-330x93.png 330w\" sizes=\"auto, (max-width: 675px) 100vw, 675px\" \/><\/a><\/p>\n<div id=\"result_box\" dir=\"ltr\">\n<p>El pabell\u00f3n de 20,0m de largo por 3,5 de ancho y 4,30 de alto, es de hecho una maqueta a escala 1:6 del original. La geometr\u00eda del proyecto est\u00e1 inspirada en las formas curvas del \u00ab<a href=\"http:\/\/en.wikipedia.org\/wiki\/Banyan\">banyan<\/a>\u00bb un \u00e1rbol tropical aut\u00f3ctono.<\/p>\n<p>Su construcci\u00f3n ha servido para experimentar las posibilidades pl\u00e1sticas del revestimiento cer\u00e1mico, tanto las paredes exteriores como las interiores se han revestido con azulejos cer\u00e1micos de color blanco fabricados por la empresa \u00ab<a href=\"http:\/\/www.irisceramica.com\/\">iris ceramica<\/a>\u00ab. En el interior del pabell\u00f3n las piezas se han cortado con l\u00e1ser, simulando la textura del \u00ab<a href=\"http:\/\/es.wikipedia.org\/wiki\/Trencad%C3%ADs\">trencad\u00eds<\/a>\u00ab.<\/p>\n<\/div>\n<p>+ <a href=\"http:\/\/www.internimagazine.it\/Dynamic\/ListItems,intCategoryID,28,intItemID,60,intLangID,2.html\">a piece of banyan &#8211; Interni<\/a> (art\u00edculo de texto con ilustraciones)<br \/>\n+ <a href=\"http:\/\/www.archiportale.com\/progetto\/milano\/francine-houben\/a-piece-of-banyan_7331.html\">a piece of banyan &#8211; archiportale<\/a> (art\u00edculo de texto con fotograf\u00eda)<br \/>\n+ <a href=\"http:\/\/www.irisceramica.com\/communication\/design-events\/Green-Energy-Design---Fuorisalone-2008\/16\/\">a piece of banyan &#8211; iris ceramica<\/a> (reportaje de fotograf\u00edas)<\/p>\n","protected":false},"excerpt":{"rendered":"<p>A piece of banyan (Salone del Mobile in Milan) Milan &#8211; Italy (2008). Arquitectura, Francine Houben \u00abmecanoo architecten\u00ab. Fotograf\u00edas, irisceramica.com (arriba) y galer\u00eda de \u00abChina Blu\u00bb en flickr (abajo). \u00abA piece of banyan\u00bb, el pabell\u00f3n temporal que se expuso en &hellip; <a href=\"https:\/\/blog.bellostes.com\/?p=2870\">Continua leyendo <span class=\"meta-nav\">&raquo;<\/span><\/a><\/p>\n","protected":false},"author":1,"featured_media":0,"comment_status":"open","ping_status":"open","sticky":false,"template":"","format":"standard","meta":{"footnotes":""},"categories":[7,20,61,110,37,34],"tags":[93],"class_list":["post-2870","post","type-post","status-publish","format-standard","hentry","category-arquitects","category-arquitectura-efimera","category-arquitectura-y-ceramica","category-arquitectura-y-cnc","category-proyectos-espacios-culturales","category-proyectos-micro-equipamientos","tag-pabellones-temporales"],"_links":{"self":[{"href":"https:\/\/blog.bellostes.com\/index.php?rest_route=\/wp\/v2\/posts\/2870","targetHints":{"allow":["GET"]}}],"collection":[{"href":"https:\/\/blog.bellostes.com\/index.php?rest_route=\/wp\/v2\/posts"}],"about":[{"href":"https:\/\/blog.bellostes.com\/index.php?rest_route=\/wp\/v2\/types\/post"}],"author":[{"embeddable":true,"href":"https:\/\/blog.bellostes.com\/index.php?rest_route=\/wp\/v2\/users\/1"}],"replies":[{"embeddable":true,"href":"https:\/\/blog.bellostes.com\/index.php?rest_route=%2Fwp%2Fv2%2Fcomments&post=2870"}],"version-history":[{"count":1,"href":"https:\/\/blog.bellostes.com\/index.php?rest_route=\/wp\/v2\/posts\/2870\/revisions"}],"predecessor-version":[{"id":13031,"href":"https:\/\/blog.bellostes.com\/index.php?rest_route=\/wp\/v2\/posts\/2870\/revisions\/13031"}],"wp:attachment":[{"href":"https:\/\/blog.bellostes.com\/index.php?rest_route=%2Fwp%2Fv2%2Fmedia&parent=2870"}],"wp:term":[{"taxonomy":"category","embeddable":true,"href":"https:\/\/blog.bellostes.com\/index.php?rest_route=%2Fwp%2Fv2%2Fcategories&post=2870"},{"taxonomy":"post_tag","embeddable":true,"href":"https:\/\/blog.bellostes.com\/index.php?rest_route=%2Fwp%2Fv2%2Ftags&post=2870"}],"curies":[{"name":"wp","href":"https:\/\/api.w.org\/{rel}","templated":true}]}}