{"id":288,"date":"2007-11-02T16:49:46","date_gmt":"2007-11-02T21:49:46","guid":{"rendered":"https:\/\/blog.bellostes.com\/?p=288"},"modified":"2014-03-11T20:32:31","modified_gmt":"2014-03-11T19:32:31","slug":"eugeni-pons-fotografia-de-arquitectura","status":"publish","type":"post","link":"https:\/\/blog.bellostes.com\/?p=288","title":{"rendered":"Eugeni Pons &#8211; Fotograf\u00eda de arquitectura"},"content":{"rendered":"<h2><img decoding=\"async\" id=\"image287\" alt=\"manlleu 1.png\" src=\"https:\/\/blog.bellostes.com\/media\/manlleu%201.png\" \/><\/h2>\n<p>kindergarten \u00abEls Colors\u00bb in Manlleu, Barcelona &#8211; Sp (2005). Arquitectura, Rafael Aranda, Carme Pigen y Ram\u00f3n Vilalta (RCR arquitectes). Fotograf\u00edas, Eugeni Pons.<\/p>\n<p><img decoding=\"async\" id=\"image289\" alt=\"manlleu 2.png\" src=\"https:\/\/blog.bellostes.com\/media\/manlleu%202.png\" \/><\/p>\n<p>El fot\u00f3grafo de arquitectura Eugeni Pons muestra en su web una interesante selecci\u00f3n de reportajes de arquitectura, a destacar los dedicados a proyectos del estudio RCR arquitectes como el pabell\u00f3n Tussols-Basil, casa para un herrero y una peluquera, casa M-Lidia o la casa fuelle.<\/p>\n<p>+ <a href=\"http:\/\/www.eugeni-pons.com\/\">Eugeni Pons &#8211; Fotograf\u00edas de arquitectura<\/a><\/p>\n<p>Pod\u00e9is ver m\u00e1s informaci\u00f3n sobre el proyecto \u00abguarder\u00eda els colors\u00bb en :<\/p>\n<p>+ <a href=\"http:\/\/es.wikiarquitectura.com\/index.php?title=Guarderia_Els_Colors\">kindergarten \u00abEls Colors\u00bb &#8211; Wiki Arquitectura<\/a> (art\u00edculo con texto, reportaje de fotograf\u00edas y planos)<br \/>\n+ <a href=\"http:\/\/www.google.es\/url?sa=t&amp;ct=res&amp;cd=4&amp;url=http%3A%2F%2Fwww.unav.es%2Farquitectura%2Fdocumentos%2Fpublicaciones%2Fpdfs%2F168.pdf&amp;ei=qpsoSO6LB6OwwQH0uumACg&amp;usg=AFQjCNGTBwD3Yl1Z54dvEx5GG0jXCrqVZA&amp;sig2=sldlLHrttaw4A60jcEOwPQ\">RCR Aranda Pigen Vilalta.\u00a0 AA37 Arquitectura de autor<\/a>. Publicado por T6 Ediciones sl (en formato pdf)<\/p>\n","protected":false},"excerpt":{"rendered":"<p>kindergarten \u00abEls Colors\u00bb in Manlleu, Barcelona &#8211; Sp (2005). Arquitectura, Rafael Aranda, Carme Pigen y Ram\u00f3n Vilalta (RCR arquitectes). Fotograf\u00edas, Eugeni Pons. El fot\u00f3grafo de arquitectura Eugeni Pons muestra en su web una interesante selecci\u00f3n de reportajes de arquitectura, a &hellip; <a href=\"https:\/\/blog.bellostes.com\/?p=288\">Continua leyendo <span class=\"meta-nav\">&raquo;<\/span><\/a><\/p>\n","protected":false},"author":1,"featured_media":0,"comment_status":"open","ping_status":"open","sticky":false,"template":"","format":"standard","meta":{"footnotes":""},"categories":[7,116,27,8,33],"tags":[73],"class_list":["post-288","post","type-post","status-publish","format-standard","hentry","category-arquitects","category-arquitectura-para-nins","category-arquitectura-y-color","category-fotografia","category-proyectos-equipamientos-educativos","tag-guarderias"],"_links":{"self":[{"href":"https:\/\/blog.bellostes.com\/index.php?rest_route=\/wp\/v2\/posts\/288","targetHints":{"allow":["GET"]}}],"collection":[{"href":"https:\/\/blog.bellostes.com\/index.php?rest_route=\/wp\/v2\/posts"}],"about":[{"href":"https:\/\/blog.bellostes.com\/index.php?rest_route=\/wp\/v2\/types\/post"}],"author":[{"embeddable":true,"href":"https:\/\/blog.bellostes.com\/index.php?rest_route=\/wp\/v2\/users\/1"}],"replies":[{"embeddable":true,"href":"https:\/\/blog.bellostes.com\/index.php?rest_route=%2Fwp%2Fv2%2Fcomments&post=288"}],"version-history":[{"count":2,"href":"https:\/\/blog.bellostes.com\/index.php?rest_route=\/wp\/v2\/posts\/288\/revisions"}],"predecessor-version":[{"id":27859,"href":"https:\/\/blog.bellostes.com\/index.php?rest_route=\/wp\/v2\/posts\/288\/revisions\/27859"}],"wp:attachment":[{"href":"https:\/\/blog.bellostes.com\/index.php?rest_route=%2Fwp%2Fv2%2Fmedia&parent=288"}],"wp:term":[{"taxonomy":"category","embeddable":true,"href":"https:\/\/blog.bellostes.com\/index.php?rest_route=%2Fwp%2Fv2%2Fcategories&post=288"},{"taxonomy":"post_tag","embeddable":true,"href":"https:\/\/blog.bellostes.com\/index.php?rest_route=%2Fwp%2Fv2%2Ftags&post=288"}],"curies":[{"name":"wp","href":"https:\/\/api.w.org\/{rel}","templated":true}]}}