{"id":29057,"date":"2016-01-29T12:10:45","date_gmt":"2016-01-29T11:10:45","guid":{"rendered":"https:\/\/blog.bellostes.com\/?p=29057"},"modified":"2016-04-26T20:07:39","modified_gmt":"2016-04-26T18:07:39","slug":"estratos-de-vidrio-aire-y-metal-elisengarten-archaeological-pavilion","status":"publish","type":"post","link":"https:\/\/blog.bellostes.com\/?p=29057","title":{"rendered":"estratos de vidrio, aire y metal &#8211; elisengarten archaeological pavilion"},"content":{"rendered":"<p><img loading=\"lazy\" decoding=\"async\" class=\"alignnone size-full wp-image-29081\" src=\"https:\/\/blog.bellostes.com\/media\/Elisengarten-Archaeological-Pavilion-by-Kadawittfeldarchitektur.png\" alt=\"Elisengarten Archaeological Pavilion by Kadawittfeldarchitektur\" width=\"675\" height=\"200\" srcset=\"https:\/\/blog.bellostes.com\/media\/Elisengarten-Archaeological-Pavilion-by-Kadawittfeldarchitektur.png 675w, https:\/\/blog.bellostes.com\/media\/Elisengarten-Archaeological-Pavilion-by-Kadawittfeldarchitektur-330x98.png 330w\" sizes=\"auto, (max-width: 675px) 100vw, 675px\" \/><br \/>\nElisengarten Archaeological Pavilion, Aachen &#8211; Germany (2013). Arquitectura, Kadawittfeldarchitektur. Fotograf\u00edas,\u00a0 J\u00f6rg Hempel (arriba) y <a href=\"http:\/\/www.jens-kirchner.com\/\">Jens Kirchner<\/a> (abajo).<\/p>\n<p>El pabell\u00f3n guarda y expone un yacimiento de inter\u00e9s arqueol\u00f3gico descubierto en el subsuelo de un jard\u00edn existente.<\/p>\n<p><img loading=\"lazy\" decoding=\"async\" class=\"alignnone size-full wp-image-29083\" src=\"https:\/\/blog.bellostes.com\/media\/Elisengarten-Archaeological-Pavilion-by-Kadawittfeldarchitektur-02.png\" alt=\"Elisengarten Archaeological Pavilion by Kadawittfeldarchitektur 02\" width=\"675\" height=\"200\" srcset=\"https:\/\/blog.bellostes.com\/media\/Elisengarten-Archaeological-Pavilion-by-Kadawittfeldarchitektur-02.png 675w, https:\/\/blog.bellostes.com\/media\/Elisengarten-Archaeological-Pavilion-by-Kadawittfeldarchitektur-02-330x98.png 330w\" sizes=\"auto, (max-width: 675px) 100vw, 675px\" \/><\/p>\n<p>Esta compuesto por dos envolventes, una interior de vidrio cierra el per\u00edmetro arqueol\u00f3gico, accesible tan solo con la mirada, mientras que la exterior esta formada por un enrejado de barras de acero inoxidable de 50 por 15 mil\u00edmetros de espesor, dispuestas formando una malla romboidal, abierta al aire, a luz y a la vista, cumple la funci\u00f3n de identificar la singularidad del recinto, integr\u00e1ndolo en el entorno ajardinado, a la vez que es parte de la estructura resistente del conjunto.<\/p>\n<p>M\u00e1s informaci\u00f3n:<\/p>\n<p>+ <a href=\"http:\/\/www.kadawittfeldarchitektur.de\/en\/projects\/projekt-aktion\/show\/projekt-titel\/archaeologische-vitrine-im-elisengarten.html\">Elisengarten Archaeological Pavilion &#8211; Kadawittfeldarchitektur<\/a> (descripci\u00f3n con fotograf\u00edas)<br \/>\n+ <a href=\"http:\/\/joerg-hempel.com\/archiv\/archaeologische-vitrine-im-elisengarten\/\">Elisengarten Archaeological Pavilion &#8211; J\u00f6rg Hempel<\/a> (reportaje de fotograf\u00edas)<br \/>\n+ <a href=\"http:\/\/www.archdaily.com\/474262\/archaeological-pavilion-kadawittfeldarchitektur\">Elisengarten Archaeological Pavilion &#8211; archdaily<\/a> (art\u00edculo de texto con fotograf\u00edas y planos)<br \/>\n+ <a href=\"http:\/\/www.domusweb.it\/en\/news\/2014\/02\/10\/archaeological_pavilion.html\">Elisengarten Archaeological Pavilion &#8211; domusweb<\/a> (art\u00edculo de texto con fotograf\u00edas)<\/p>\n<p>+ <a href=\"http:\/\/archaeologische-vitrine.de\/architecture\/?lang=en\">Elisengarten Archaeological Pavilion &#8211; Arch\u00e4ologische Vitrine<\/a> (la pagina del pabell\u00f3n)<\/p>\n","protected":false},"excerpt":{"rendered":"<p>Elisengarten Archaeological Pavilion, Aachen &#8211; Germany (2013). Arquitectura, Kadawittfeldarchitektur. Fotograf\u00edas,\u00a0 J\u00f6rg Hempel (arriba) y Jens Kirchner (abajo). El pabell\u00f3n guarda y expone un yacimiento de inter\u00e9s arqueol\u00f3gico descubierto en el subsuelo de un jard\u00edn existente. Esta compuesto por dos envolventes, &hellip; <a href=\"https:\/\/blog.bellostes.com\/?p=29057\">Continua leyendo <span class=\"meta-nav\">&raquo;<\/span><\/a><\/p>\n","protected":false},"author":1,"featured_media":0,"comment_status":"open","ping_status":"open","sticky":false,"template":"","format":"standard","meta":{"footnotes":""},"categories":[7,41,29,46,37,47,34,167],"tags":[83],"class_list":["post-29057","post","type-post","status-publish","format-standard","hentry","category-arquitects","category-arquitectura-y-acero-inoxidable","category-arquitectura-y-espacio-publico","category-arquitectura-y-deploye","category-proyectos-espacios-culturales","category-proyectos-equipamientos-turisticos","category-proyectos-micro-equipamientos","category-sistemas-constructivos-estructuras","tag-pabellones"],"_links":{"self":[{"href":"https:\/\/blog.bellostes.com\/index.php?rest_route=\/wp\/v2\/posts\/29057","targetHints":{"allow":["GET"]}}],"collection":[{"href":"https:\/\/blog.bellostes.com\/index.php?rest_route=\/wp\/v2\/posts"}],"about":[{"href":"https:\/\/blog.bellostes.com\/index.php?rest_route=\/wp\/v2\/types\/post"}],"author":[{"embeddable":true,"href":"https:\/\/blog.bellostes.com\/index.php?rest_route=\/wp\/v2\/users\/1"}],"replies":[{"embeddable":true,"href":"https:\/\/blog.bellostes.com\/index.php?rest_route=%2Fwp%2Fv2%2Fcomments&post=29057"}],"version-history":[{"count":13,"href":"https:\/\/blog.bellostes.com\/index.php?rest_route=\/wp\/v2\/posts\/29057\/revisions"}],"predecessor-version":[{"id":29093,"href":"https:\/\/blog.bellostes.com\/index.php?rest_route=\/wp\/v2\/posts\/29057\/revisions\/29093"}],"wp:attachment":[{"href":"https:\/\/blog.bellostes.com\/index.php?rest_route=%2Fwp%2Fv2%2Fmedia&parent=29057"}],"wp:term":[{"taxonomy":"category","embeddable":true,"href":"https:\/\/blog.bellostes.com\/index.php?rest_route=%2Fwp%2Fv2%2Fcategories&post=29057"},{"taxonomy":"post_tag","embeddable":true,"href":"https:\/\/blog.bellostes.com\/index.php?rest_route=%2Fwp%2Fv2%2Ftags&post=29057"}],"curies":[{"name":"wp","href":"https:\/\/api.w.org\/{rel}","templated":true}]}}