{"id":29663,"date":"2016-03-30T13:06:38","date_gmt":"2016-03-30T11:06:38","guid":{"rendered":"https:\/\/blog.bellostes.com\/?p=29663"},"modified":"2016-03-30T13:06:38","modified_gmt":"2016-03-30T11:06:38","slug":"cobertura-textil-spacerfabric-experimental-pavilion","status":"publish","type":"post","link":"https:\/\/blog.bellostes.com\/?p=29663","title":{"rendered":"cobertura textil &#8211; SpacerFabric, experimental pavilion"},"content":{"rendered":"<p><img loading=\"lazy\" decoding=\"async\" class=\"alignnone size-full wp-image-29833\" src=\"https:\/\/blog.bellostes.com\/media\/SpacerFabric-Experimental-Pavilion-by-students-of-frankfurt-university.jpg\" alt=\"SpacerFabric, Experimental Pavilion by students of frankfurt university\" width=\"675\" height=\"200\" srcset=\"https:\/\/blog.bellostes.com\/media\/SpacerFabric-Experimental-Pavilion-by-students-of-frankfurt-university.jpg 675w, https:\/\/blog.bellostes.com\/media\/SpacerFabric-Experimental-Pavilion-by-students-of-frankfurt-university-330x98.jpg 330w\" sizes=\"auto, (max-width: 675px) 100vw, 675px\" \/><\/p>\n<p>SpacerFabric, Experimental Pavilion (frankfurt university exhibition), Frankfurt &#8211; Germany (2016). Proyecto, equipo de estudiantes de la Universidad de Frankfurt dirigido por Claudia L\u00fcling. Fotograf\u00edas, <a href=\"http:\/\/www.christophlison.com\/#0\">Christoph Lison<\/a>.<\/p>\n<p>El pabell\u00f3n es el resultado de la cooperaci\u00f3n entre la empresa \u00ab<a href=\"http:\/\/www.essedea.biz\/home.html\">Essedea Gmbh &amp; Co. KG<\/a>\u00bb dedicada a la fabricaci\u00f3n de tejidos industriales de poli\u00e9ster y la universidad de Frankfurt, con el objetivo de investigar las alternativas de aplicaci\u00f3n de estos materiales en la arquitectura.<\/p>\n<p><img loading=\"lazy\" decoding=\"async\" class=\"alignnone size-full wp-image-29836\" src=\"https:\/\/blog.bellostes.com\/media\/SpacerFabric-Experimental-Pavilion-by-students-of-frankfurt-university-02.jpg\" alt=\"SpacerFabric, Experimental Pavilion by students of frankfurt university 02\" width=\"675\" height=\"200\" srcset=\"https:\/\/blog.bellostes.com\/media\/SpacerFabric-Experimental-Pavilion-by-students-of-frankfurt-university-02.jpg 675w, https:\/\/blog.bellostes.com\/media\/SpacerFabric-Experimental-Pavilion-by-students-of-frankfurt-university-02-330x98.jpg 330w\" sizes=\"auto, (max-width: 675px) 100vw, 675px\" \/><\/p>\n<p>El pabell\u00f3n explora las cualidades formales del material, desarrollando un sistema de cobertura textil, compuesto por piezas de peque\u00f1o tama\u00f1o que se combinan entre si, para definir una malla continua abovedada.<\/p>\n<p>M\u00e1s informaci\u00f3n:<\/p>\n<p>+ <a href=\"https:\/\/www.frankfurt-university.de\/aktuelles\/pressemitteilungen\/news\/news\/detail\/News\/architekturstudierende-der-frankfurt-uas-fuer-spacerfabric-pavilion-ausgezeichnet-projekt-textil.html\">SpacerFabric, Experimental Pavilion &#8211; frankfurt university<\/a> (art\u00edculo de texto con fotograf\u00edas)<br \/>\n+ <a href=\"http:\/\/www.detail.de\/artikel\/spacerfabric-pavilion-textile-leichtbauhuelle-26636\/\">SpacerFabric, Experimental Pavilion &#8211; detail<\/a> (art\u00edculo de texto con fotograf\u00edas)<\/p>\n","protected":false},"excerpt":{"rendered":"<p>SpacerFabric, Experimental Pavilion (frankfurt university exhibition), Frankfurt &#8211; Germany (2016). Proyecto, equipo de estudiantes de la Universidad de Frankfurt dirigido por Claudia L\u00fcling. Fotograf\u00edas, Christoph Lison. El pabell\u00f3n es el resultado de la cooperaci\u00f3n entre la empresa \u00abEssedea Gmbh &amp; &hellip; <a href=\"https:\/\/blog.bellostes.com\/?p=29663\">Continua leyendo <span class=\"meta-nav\">&raquo;<\/span><\/a><\/p>\n","protected":false},"author":1,"featured_media":0,"comment_status":"open","ping_status":"open","sticky":false,"template":"","format":"standard","meta":{"footnotes":""},"categories":[20,59,140,24,138],"tags":[93],"class_list":["post-29663","post","type-post","status-publish","format-standard","hentry","category-arquitectura-efimera","category-arquitectura-textil","category-arquitectura-y-origami","category-exposiciones","category-sistemas-constructivos-bovedas","tag-pabellones-temporales"],"_links":{"self":[{"href":"https:\/\/blog.bellostes.com\/index.php?rest_route=\/wp\/v2\/posts\/29663","targetHints":{"allow":["GET"]}}],"collection":[{"href":"https:\/\/blog.bellostes.com\/index.php?rest_route=\/wp\/v2\/posts"}],"about":[{"href":"https:\/\/blog.bellostes.com\/index.php?rest_route=\/wp\/v2\/types\/post"}],"author":[{"embeddable":true,"href":"https:\/\/blog.bellostes.com\/index.php?rest_route=\/wp\/v2\/users\/1"}],"replies":[{"embeddable":true,"href":"https:\/\/blog.bellostes.com\/index.php?rest_route=%2Fwp%2Fv2%2Fcomments&post=29663"}],"version-history":[{"count":9,"href":"https:\/\/blog.bellostes.com\/index.php?rest_route=\/wp\/v2\/posts\/29663\/revisions"}],"predecessor-version":[{"id":29859,"href":"https:\/\/blog.bellostes.com\/index.php?rest_route=\/wp\/v2\/posts\/29663\/revisions\/29859"}],"wp:attachment":[{"href":"https:\/\/blog.bellostes.com\/index.php?rest_route=%2Fwp%2Fv2%2Fmedia&parent=29663"}],"wp:term":[{"taxonomy":"category","embeddable":true,"href":"https:\/\/blog.bellostes.com\/index.php?rest_route=%2Fwp%2Fv2%2Fcategories&post=29663"},{"taxonomy":"post_tag","embeddable":true,"href":"https:\/\/blog.bellostes.com\/index.php?rest_route=%2Fwp%2Fv2%2Ftags&post=29663"}],"curies":[{"name":"wp","href":"https:\/\/api.w.org\/{rel}","templated":true}]}}