{"id":30128,"date":"2016-05-02T20:15:55","date_gmt":"2016-05-02T18:15:55","guid":{"rendered":"https:\/\/blog.bellostes.com\/?p=30128"},"modified":"2016-05-02T20:20:57","modified_gmt":"2016-05-02T18:20:57","slug":"temporalmente-expuestos-cop-15-pavilion","status":"publish","type":"post","link":"https:\/\/blog.bellostes.com\/?p=30128","title":{"rendered":"temporalmente expuestos &#8211; cop 15, temporary pavilion"},"content":{"rendered":"<p><img loading=\"lazy\" decoding=\"async\" class=\"alignnone size-full wp-image-30154\" src=\"https:\/\/blog.bellostes.com\/media\/COP-15-Pavilion-by-Arcgency_MAPT.png\" alt=\"COP 15 Pavilion by Arcgency_MAPT\" width=\"675\" height=\"200\" srcset=\"https:\/\/blog.bellostes.com\/media\/COP-15-Pavilion-by-Arcgency_MAPT.png 675w, https:\/\/blog.bellostes.com\/media\/COP-15-Pavilion-by-Arcgency_MAPT-330x98.png 330w\" sizes=\"auto, (max-width: 675px) 100vw, 675px\" \/><br \/>\nCOP 15 Pavilion (UN Climate Change Conference held in 2009), Copenhagen &#8211; Denmark (2009). Arquitectura, Arcgency\/MAPT. Fotograf\u00edas,<a href=\"http:\/\/www.larsengelgaar.com\/site\/\"> Lars Engelgaar<\/a>.<\/p>\n<p>El pabell\u00f3n temporal, construido con containers reutilizados, contiene y forma parte, de la exposici\u00f3n interactiva que reflexionaba en torno a las alternativas del desarrollo urbano sostenible. La aplicaci\u00f3n del contenedor, como sistema de construcci\u00f3n modular, subraya las posibilidades de la idea de continuidad, asociada a los procesos de la reutilizaci\u00f3n programada o causal.<\/p>\n<p><img loading=\"lazy\" decoding=\"async\" class=\"alignnone size-full wp-image-30155\" src=\"https:\/\/blog.bellostes.com\/media\/COP-15-Pavilion-by-Arcgency_MAPT-01.png\" alt=\"COP 15 Pavilion by Arcgency_MAPT 01\" width=\"675\" height=\"200\" srcset=\"https:\/\/blog.bellostes.com\/media\/COP-15-Pavilion-by-Arcgency_MAPT-01.png 675w, https:\/\/blog.bellostes.com\/media\/COP-15-Pavilion-by-Arcgency_MAPT-01-330x98.png 330w\" sizes=\"auto, (max-width: 675px) 100vw, 675px\" \/><\/p>\n<p>Para la construcci\u00f3n del recinto, se utilizaron un total de 11 containers ISO de 40 pies, montados intercalados dos a dos y apilados en cuatro niveles, definiendo un volumen de planta cuadra, compuesto por bloques compactos y vac\u00edos traslucidos, organizados entorno a un hueco central de triple altura.<\/p>\n<p>M\u00e1s informaci\u00f3n:<\/p>\n<p>+ <a href=\"http:\/\/arcgency.com\/cop-15-pavilion\">COP 15 Pavilion &#8211; Arcgency<\/a> (descripci\u00f3n con fotograf\u00edas)<br \/>\n+ <a href=\"https:\/\/www.behance.net\/gallery\/1845619\/COP-15-Pavilion\">COP 15 Pavilion &#8211; Behance<\/a> (descripci\u00f3n con fotograf\u00edas)<br \/>\n+ <a href=\"http:\/\/www.dezeen.com\/2009\/12\/11\/cop15-pavillion-by-mapt\/\">COP 15 Pavilion &#8211; Dezeen<\/a> (art\u00edculo de texto con fotograf\u00edas e ilustraciones)<\/p>\n<p>Y del Pabell\u00f3n temporal para la Semana del Dise\u00f1o de Copenhague 2011:<\/p>\n<p>+ <a href=\"http:\/\/arcgency.com\/pavilion-for-copenhagen-design-week\">Pavilion for Copenhagen Design Week 2011 &#8211; Arcgency<\/a> (descripci\u00f3n con fotograf\u00edas)<br \/>\n+<a href=\"https:\/\/www.behance.net\/gallery\/1879249\/Pavilion-for-Copenhagen-Design-Week\"> Pavilion for Copenhagen Design Week &#8211; Behance<\/a> (descripci\u00f3n con fotograf\u00edas)<\/p>\n","protected":false},"excerpt":{"rendered":"<p>COP 15 Pavilion (UN Climate Change Conference held in 2009), Copenhagen &#8211; Denmark (2009). Arquitectura, Arcgency\/MAPT. Fotograf\u00edas, Lars Engelgaar. El pabell\u00f3n temporal, construido con containers reutilizados, contiene y forma parte, de la exposici\u00f3n interactiva que reflexionaba en torno a las &hellip; <a href=\"https:\/\/blog.bellostes.com\/?p=30128\">Continua leyendo <span class=\"meta-nav\">&raquo;<\/span><\/a><\/p>\n","protected":false},"author":1,"featured_media":0,"comment_status":"open","ping_status":"open","sticky":false,"template":"","format":"standard","meta":{"footnotes":""},"categories":[7,20,84,24],"tags":[130,93],"class_list":["post-30128","post","type-post","status-publish","format-standard","hentry","category-arquitects","category-arquitectura-efimera","category-arquitectura-y-containers","category-exposiciones","tag-exposiciones-2","tag-pabellones-temporales"],"_links":{"self":[{"href":"https:\/\/blog.bellostes.com\/index.php?rest_route=\/wp\/v2\/posts\/30128","targetHints":{"allow":["GET"]}}],"collection":[{"href":"https:\/\/blog.bellostes.com\/index.php?rest_route=\/wp\/v2\/posts"}],"about":[{"href":"https:\/\/blog.bellostes.com\/index.php?rest_route=\/wp\/v2\/types\/post"}],"author":[{"embeddable":true,"href":"https:\/\/blog.bellostes.com\/index.php?rest_route=\/wp\/v2\/users\/1"}],"replies":[{"embeddable":true,"href":"https:\/\/blog.bellostes.com\/index.php?rest_route=%2Fwp%2Fv2%2Fcomments&post=30128"}],"version-history":[{"count":9,"href":"https:\/\/blog.bellostes.com\/index.php?rest_route=\/wp\/v2\/posts\/30128\/revisions"}],"predecessor-version":[{"id":30160,"href":"https:\/\/blog.bellostes.com\/index.php?rest_route=\/wp\/v2\/posts\/30128\/revisions\/30160"}],"wp:attachment":[{"href":"https:\/\/blog.bellostes.com\/index.php?rest_route=%2Fwp%2Fv2%2Fmedia&parent=30128"}],"wp:term":[{"taxonomy":"category","embeddable":true,"href":"https:\/\/blog.bellostes.com\/index.php?rest_route=%2Fwp%2Fv2%2Fcategories&post=30128"},{"taxonomy":"post_tag","embeddable":true,"href":"https:\/\/blog.bellostes.com\/index.php?rest_route=%2Fwp%2Fv2%2Ftags&post=30128"}],"curies":[{"name":"wp","href":"https:\/\/api.w.org\/{rel}","templated":true}]}}