{"id":3088,"date":"2009-08-10T04:04:56","date_gmt":"2009-08-10T09:04:56","guid":{"rendered":"https:\/\/blog.bellostes.com\/?p=3088"},"modified":"2011-11-22T12:11:38","modified_gmt":"2011-11-22T11:11:38","slug":"bajorrelieve-en-negro-university-library-ubu","status":"publish","type":"post","link":"https:\/\/blog.bellostes.com\/?p=3088","title":{"rendered":"bajorrelieve en negro &#8211; university library UBU"},"content":{"rendered":"<p><a href=\"https:\/\/blog.bellostes.com\/media\/university-library-ubu.png\"><img loading=\"lazy\" decoding=\"async\" width=\"675\" height=\"199\" class=\"alignnone size-full wp-image-3089\" title=\"university-library-ubu\" src=\"https:\/\/blog.bellostes.com\/media\/university-library-ubu.png\" alt=\"\" srcset=\"https:\/\/blog.bellostes.com\/media\/university-library-ubu.png 675w, https:\/\/blog.bellostes.com\/media\/university-library-ubu-330x97.png 330w\" sizes=\"auto, (max-width: 675px) 100vw, 675px\" \/><\/a><\/p>\n<p>University Library UBU, Utrecht &#8211; Netherlands (2004). Arquitectura, <a href=\"http:\/\/www.wielaretsarchitects.nl\/\">Wiel Arets architects<\/a>. Fotograf\u00edas, Jan<\/p>\n<p>En las fachadas de la biblioteca p\u00fablica de la universidad de \u00abUtrecht\u00bb, la soluci\u00f3n graf\u00edca aplicada busca suavizar el contraste entre las superficies transparentes de vidrio y las ciegas de hormig\u00f3n de una forma equivalente a la tecnica de las \u00abveladuras\u00bb en la pintura.<\/p>\n<p><a href=\"https:\/\/blog.bellostes.com\/media\/university-library-ubu-01.png\"><img loading=\"lazy\" decoding=\"async\" width=\"675\" height=\"195\" class=\"alignnone size-full wp-image-3090\" title=\"university-library-ubu-01\" src=\"https:\/\/blog.bellostes.com\/media\/university-library-ubu-01.png\" alt=\"\" srcset=\"https:\/\/blog.bellostes.com\/media\/university-library-ubu-01.png 675w, https:\/\/blog.bellostes.com\/media\/university-library-ubu-01-330x95.png 330w\" sizes=\"auto, (max-width: 675px) 100vw, 675px\" \/><\/a><\/p>\n<p>Los paneles de vidrio y hormig\u00f3n que componen las fachadas, comparten las semejanzas de forma, tama\u00f1o y motivo gr\u00e1fico.<\/p>\n<p>La misma imagen, una composici\u00f3n realista de tallos de sauce inspirada en una fotograf\u00eda del artista \u00abKim Zwarts\u00bb, se ha reproducido por impresi\u00f3n (serigraf\u00eda) sobre los paneles de vidrio y por moldeado sobre los paneles prefabricados de hormig\u00f3n.<\/p>\n<p>Las piezas de hormig\u00f3n se fabricaron sin incorporar colorantes a la masa, de tal manera que al salir de la fabrica ten\u00edan la tonalidad gris clara del hormig\u00f3n seco y una vez montadas en obra les aplicaron las capas de pintura negra del acabado definitivo.<\/p>\n<p>+ <a href=\"http:\/\/www.detail.de\/artikel_betonfassaden-ubu-utrecht-sportcampus-utrecht_23934_Es.htm\">University Library UBU &#8211; Detail<\/a> (art\u00edculo de texto con fotograf\u00edas)<br \/>\n+ <a href=\"http:\/\/www.archinfo.it\/wiel-arets-architects-university-library\/0,1254,53_ART_198192,00.html\">University Library UBU &#8211; archinfo<\/a> (art\u00edculo de texto con fotograf\u00edas y planos)<br \/>\n+ <a href=\"http:\/\/www2.quinzeandmilan.tv\/#\/en\/custom-made-limited-editions\/sample-projects\/public-library-utrecht\">University Library UBU &#8211; quinze and milan<\/a> (descripci\u00f3n y fotograf\u00edas)<br \/>\n+ <a href=\"http:\/\/www.pushpullbar.com\/forums\/netherlands\/72-utrecht-university-utrecht-de-uithof-campus.html\">University Library UBU &#8211; pushpullbar<\/a> (ficha del proyecto, enlaces y reportaje de fotograf\u00edas de \u00abswank-e\u00bb. Incluye informaci\u00f3n muy practica y interesante tipo \u201cgu\u00eda de viaje\u201d)<br \/>\n+ <a href=\"http:\/\/www.janbitter.de\/\">University Library UBU &#8211; Jan Bitter fotografie<\/a> (reportaje de fotograf\u00edas, en flash)<\/p>\n","protected":false},"excerpt":{"rendered":"<p>University Library UBU, Utrecht &#8211; Netherlands (2004). Arquitectura, Wiel Arets architects. Fotograf\u00edas, Jan En las fachadas de la biblioteca p\u00fablica de la universidad de \u00abUtrecht\u00bb, la soluci\u00f3n graf\u00edca aplicada busca suavizar el contraste entre las superficies transparentes de vidrio y &hellip; <a href=\"https:\/\/blog.bellostes.com\/?p=3088\">Continua leyendo <span class=\"meta-nav\">&raquo;<\/span><\/a><\/p>\n","protected":false},"author":1,"featured_media":0,"comment_status":"open","ping_status":"open","sticky":false,"template":"","format":"standard","meta":{"footnotes":""},"categories":[7,28,42,37,134],"tags":[68,141],"class_list":["post-3088","post","type-post","status-publish","format-standard","hentry","category-arquitects","category-arquitectura-y-grafismo","category-arquitectura-y-hormigon-visto","category-proyectos-espacios-culturales","category-sistemas-constructivos-fachadas","tag-bibliotecas","tag-universidades"],"_links":{"self":[{"href":"https:\/\/blog.bellostes.com\/index.php?rest_route=\/wp\/v2\/posts\/3088","targetHints":{"allow":["GET"]}}],"collection":[{"href":"https:\/\/blog.bellostes.com\/index.php?rest_route=\/wp\/v2\/posts"}],"about":[{"href":"https:\/\/blog.bellostes.com\/index.php?rest_route=\/wp\/v2\/types\/post"}],"author":[{"embeddable":true,"href":"https:\/\/blog.bellostes.com\/index.php?rest_route=\/wp\/v2\/users\/1"}],"replies":[{"embeddable":true,"href":"https:\/\/blog.bellostes.com\/index.php?rest_route=%2Fwp%2Fv2%2Fcomments&post=3088"}],"version-history":[{"count":3,"href":"https:\/\/blog.bellostes.com\/index.php?rest_route=\/wp\/v2\/posts\/3088\/revisions"}],"predecessor-version":[{"id":18110,"href":"https:\/\/blog.bellostes.com\/index.php?rest_route=\/wp\/v2\/posts\/3088\/revisions\/18110"}],"wp:attachment":[{"href":"https:\/\/blog.bellostes.com\/index.php?rest_route=%2Fwp%2Fv2%2Fmedia&parent=3088"}],"wp:term":[{"taxonomy":"category","embeddable":true,"href":"https:\/\/blog.bellostes.com\/index.php?rest_route=%2Fwp%2Fv2%2Fcategories&post=3088"},{"taxonomy":"post_tag","embeddable":true,"href":"https:\/\/blog.bellostes.com\/index.php?rest_route=%2Fwp%2Fv2%2Ftags&post=3088"}],"curies":[{"name":"wp","href":"https:\/\/api.w.org\/{rel}","templated":true}]}}