{"id":3156,"date":"2009-09-09T07:46:58","date_gmt":"2009-09-09T12:46:58","guid":{"rendered":"https:\/\/blog.bellostes.com\/?p=3156"},"modified":"2009-09-09T07:46:58","modified_gmt":"2009-09-09T12:46:58","slug":"termitas-urbanas-the-termite-pavilion","status":"publish","type":"post","link":"https:\/\/blog.bellostes.com\/?p=3156","title":{"rendered":"termitas urbanas &#8211; the termite pavilion"},"content":{"rendered":"<p><a href=\"https:\/\/blog.bellostes.com\/media\/termite-pavilion.png\"><img loading=\"lazy\" decoding=\"async\" width=\"675\" height=\"208\" class=\"alignnone size-full wp-image-3157\" title=\"termite-pavilion\" src=\"https:\/\/blog.bellostes.com\/media\/termite-pavilion.png\" alt=\"\" srcset=\"https:\/\/blog.bellostes.com\/media\/termite-pavilion.png 675w, https:\/\/blog.bellostes.com\/media\/termite-pavilion-330x101.png 330w\" sizes=\"auto, (max-width: 675px) 100vw, 675px\" \/><\/a><\/p>\n<p>The termite pavilion (<a href=\"http:\/\/www.southbankcentre.co.uk\/festivals-series\/pestival\">Pestival A Festival of Insects in Art<\/a>) London &#8211; United Kingdom (2009). Arquitectura, Softroom Architects en colaboraci\u00f3n con Freeform Engineering, Atelier One, Chris Watson (sonido) y Haberdasherylondon (dise\u00f1o). Fotograf\u00edas, galer\u00eda de \u00abjoseph &#8211; jb7\u00bb en flickr (arriba) y Canal de InsectArtsClub en YouTube (abajo).<\/p>\n<p>El pabell\u00f3n reproduce, a escala, un fragmento c\u00fabico de un termitero real de Namibia, modelado en 3D por el el equipo del \u00ab<a href=\"http:\/\/www.sandkings.co.uk\/index.html\">Termes project<\/a>\u00ab.<\/p>\n<p><a href=\"https:\/\/blog.bellostes.com\/media\/termite-pavilion-01.png\"><img loading=\"lazy\" decoding=\"async\" width=\"675\" height=\"196\" class=\"alignnone size-full wp-image-3158\" title=\"termite-pavilion-01\" src=\"https:\/\/blog.bellostes.com\/media\/termite-pavilion-01.png\" alt=\"\" srcset=\"https:\/\/blog.bellostes.com\/media\/termite-pavilion-01.png 675w, https:\/\/blog.bellostes.com\/media\/termite-pavilion-01-330x95.png 330w\" sizes=\"auto, (max-width: 675px) 100vw, 675px\" \/><\/a><\/p>\n<p>La pieza un cubo de 6m de lado, se ha construido superponiendo secciones horizontales de madera laminada de abeto australiano.<\/p>\n<p>+ <a href=\"http:\/\/www.dezeen.com\/2009\/09\/05\/the-termite-pavilion-at-pestival\/\">The termite pavilion &#8211; Dezeen<\/a> (art\u00edculo de texto con fotograf\u00edas)<br \/>\n+ <a href=\"http:\/\/www.iconeye.com\/index.php?option=com_content&amp;view=article&amp;id=4103\">The termite pavilion &#8211; iconeye<\/a> (art\u00edculo de texto con fotograf\u00edas)<br \/>\n+ <a href=\"http:\/\/www.greenwala.com\/community\/blogs\/all\/2021-Awe-Inspiring-Termite-Architecture-The-Ideal-Model-For-Sustainable-Human-Homes\">The termite pavilion &#8211; greenwala<\/a> (art\u00edculo de texto con fotograf\u00edas)<br \/>\n+ <a href=\"http:\/\/www.youtube.com\/user\/InsectArtsClub\">The termite pavilion &#8211; Canal de InsectArtsClub en YouTube<\/a> (video reportaje con el proceso de montaje del pabell\u00f3n)<br \/>\n+ <a href=\"http:\/\/www.flickr.com\/photos\/joseph-jb7\/\">The termite pavilion &#8211; galer\u00eda de \u00abjoseph &#8211; jb7\u00bb en flickr<\/a> (reportaje de fotograf\u00edas)<\/p>\n<p>+ <a href=\"http:\/\/pestival.org\/news\/the-termite-pavilion\/\">The termite pavilion &#8211; Pestival<\/a> (art\u00edculo de texto con ilustraci\u00f3n)<\/p>\n","protected":false},"excerpt":{"rendered":"<p>The termite pavilion (Pestival A Festival of Insects in Art) London &#8211; United Kingdom (2009). Arquitectura, Softroom Architects en colaboraci\u00f3n con Freeform Engineering, Atelier One, Chris Watson (sonido) y Haberdasherylondon (dise\u00f1o). Fotograf\u00edas, galer\u00eda de \u00abjoseph &#8211; jb7\u00bb en flickr (arriba) &hellip; <a href=\"https:\/\/blog.bellostes.com\/?p=3156\">Continua leyendo <span class=\"meta-nav\">&raquo;<\/span><\/a><\/p>\n","protected":false},"author":1,"featured_media":0,"comment_status":"open","ping_status":"open","sticky":false,"template":"","format":"standard","meta":{"footnotes":""},"categories":[7,20,110,50,24],"tags":[93],"class_list":["post-3156","post","type-post","status-publish","format-standard","hentry","category-arquitects","category-arquitectura-efimera","category-arquitectura-y-cnc","category-arquitectura-y-madera","category-exposiciones","tag-pabellones-temporales"],"_links":{"self":[{"href":"https:\/\/blog.bellostes.com\/index.php?rest_route=\/wp\/v2\/posts\/3156","targetHints":{"allow":["GET"]}}],"collection":[{"href":"https:\/\/blog.bellostes.com\/index.php?rest_route=\/wp\/v2\/posts"}],"about":[{"href":"https:\/\/blog.bellostes.com\/index.php?rest_route=\/wp\/v2\/types\/post"}],"author":[{"embeddable":true,"href":"https:\/\/blog.bellostes.com\/index.php?rest_route=\/wp\/v2\/users\/1"}],"replies":[{"embeddable":true,"href":"https:\/\/blog.bellostes.com\/index.php?rest_route=%2Fwp%2Fv2%2Fcomments&post=3156"}],"version-history":[{"count":0,"href":"https:\/\/blog.bellostes.com\/index.php?rest_route=\/wp\/v2\/posts\/3156\/revisions"}],"wp:attachment":[{"href":"https:\/\/blog.bellostes.com\/index.php?rest_route=%2Fwp%2Fv2%2Fmedia&parent=3156"}],"wp:term":[{"taxonomy":"category","embeddable":true,"href":"https:\/\/blog.bellostes.com\/index.php?rest_route=%2Fwp%2Fv2%2Fcategories&post=3156"},{"taxonomy":"post_tag","embeddable":true,"href":"https:\/\/blog.bellostes.com\/index.php?rest_route=%2Fwp%2Fv2%2Ftags&post=3156"}],"curies":[{"name":"wp","href":"https:\/\/api.w.org\/{rel}","templated":true}]}}