{"id":3190,"date":"2009-09-22T06:58:00","date_gmt":"2009-09-22T11:58:00","guid":{"rendered":"https:\/\/blog.bellostes.com\/?p=3190"},"modified":"2014-03-10T19:36:07","modified_gmt":"2014-03-10T18:36:07","slug":"el-pequeno-disco-celeste-de-nebra-arche-nebra-visitor-center","status":"publish","type":"post","link":"https:\/\/blog.bellostes.com\/?p=3190","title":{"rendered":"el peque\u00f1o disco celeste de nebra &#8211; arche nebra, visitor center"},"content":{"rendered":"<p><a href=\"https:\/\/blog.bellostes.com\/media\/arche-nebra-01.png\"><img loading=\"lazy\" decoding=\"async\" width=\"675\" height=\"200\" class=\"alignnone size-full wp-image-3191\" title=\"arche-nebra-01\" alt=\"\" src=\"https:\/\/blog.bellostes.com\/media\/arche-nebra-01.png\" srcset=\"https:\/\/blog.bellostes.com\/media\/arche-nebra-01.png 675w, https:\/\/blog.bellostes.com\/media\/arche-nebra-01-330x97.png 330w\" sizes=\"auto, (max-width: 675px) 100vw, 675px\" \/><\/a><\/p>\n<p>\u00abArche Nebra\u00bb visitor center, Nebra &#8211; Germany (2007). Arquitectura,\u00a0 Holzer Kobler Architekturen. Dise\u00f1o del montaje expositivo, L2M3 Kommunikationsdesign. Fotograf\u00edas, \u00ab<a href=\"https:\/\/blog.bellostes.com\/?p=249\">Jan Bitter<\/a>\u00ab.<\/p>\n<p>La singularidad del hallazgo arqueol\u00f3gico del peque\u00f1o\u00a0 \u00ab<a href=\"http:\/\/es.wikipedia.org\/wiki\/Disco_celeste_de_Nebra\">disco celeste de Nebra<\/a>\u00ab, una tablilla de cobre circular con una representaci\u00f3n de la\u00a0 b\u00f3veda celeste, de 3.600 a\u00f1os de antig\u00fcedad, justifica la construcci\u00f3n de este centro de visitantes.<\/p>\n<p><a href=\"https:\/\/blog.bellostes.com\/media\/arche-nebra.png\"><img loading=\"lazy\" decoding=\"async\" width=\"675\" height=\"203\" class=\"alignnone size-full wp-image-3192\" title=\"arche-nebra\" alt=\"\" src=\"https:\/\/blog.bellostes.com\/media\/arche-nebra.png\" srcset=\"https:\/\/blog.bellostes.com\/media\/arche-nebra.png 675w, https:\/\/blog.bellostes.com\/media\/arche-nebra-330x99.png 330w\" sizes=\"auto, (max-width: 675px) 100vw, 675px\" \/><\/a><\/p>\n<p>Situado en el emplazamiento donde se encontr\u00f3 el disco, el centro de visitantes contiene una exposici\u00f3n permanente, con la que se muestran las investigaciones desarrolladas en torno al peque\u00f1o disco celeste.<\/p>\n<p>+ <a href=\"http:\/\/www.holzerkobler.ch\/\">\u00abArche Nebra\u00bb visitor center\u00a0 &#8211; Holzer Kobler Architekturen<\/a> (descripci\u00f3n y fotograf\u00edas, en flash)<br \/>\n+ \u00ab<a href=\"http:\/\/www.l2m3.com\/index.php?lang=en&amp;key=projekttypAusstellungsgrafik&amp;id=85\">Arche Nebra\u00bb visitor center &#8211; L2M3 Kommunikationsdesign<\/a> (descripci\u00f3n, ilustraciones y fotograf\u00edas del montaje expositivo)<br \/>\n+ <a href=\"http:\/\/www.e-architect.co.uk\/germany\/nebra_ark.htm\">\u00abArche Nebra\u00bb visitor center &#8211; e-architect<\/a> (art\u00edculo de texto con fotograf\u00edas)<br \/>\n+ <a href=\"http:\/\/www.janbitter.de\/\">\u00abArche Nebra\u00bb visitor center &#8211; Jan Bitter<\/a> (reportaje de fotograf\u00edas, en flash)<br \/>\n+ <a href=\"http:\/\/www.himmelsscheibe-erleben.de\/en\/\">\u00abArche Nebra\u00bb visitor center &#8211; Nebra Ark<\/a> (la p\u00e1gina del centro de visitantes)<\/p>\n","protected":false},"excerpt":{"rendered":"<p>\u00abArche Nebra\u00bb visitor center, Nebra &#8211; Germany (2007). Arquitectura,\u00a0 Holzer Kobler Architekturen. Dise\u00f1o del montaje expositivo, L2M3 Kommunikationsdesign. Fotograf\u00edas, \u00abJan Bitter\u00ab. La singularidad del hallazgo arqueol\u00f3gico del peque\u00f1o\u00a0 \u00abdisco celeste de Nebra\u00ab, una tablilla de cobre circular con una representaci\u00f3n &hellip; <a href=\"https:\/\/blog.bellostes.com\/?p=3190\">Continua leyendo <span class=\"meta-nav\">&raquo;<\/span><\/a><\/p>\n","protected":false},"author":1,"featured_media":0,"comment_status":"open","ping_status":"open","sticky":false,"template":"","format":"standard","meta":{"footnotes":""},"categories":[7,28,37],"tags":[69],"class_list":["post-3190","post","type-post","status-publish","format-standard","hentry","category-arquitects","category-arquitectura-y-grafismo","category-proyectos-espacios-culturales","tag-museos"],"_links":{"self":[{"href":"https:\/\/blog.bellostes.com\/index.php?rest_route=\/wp\/v2\/posts\/3190","targetHints":{"allow":["GET"]}}],"collection":[{"href":"https:\/\/blog.bellostes.com\/index.php?rest_route=\/wp\/v2\/posts"}],"about":[{"href":"https:\/\/blog.bellostes.com\/index.php?rest_route=\/wp\/v2\/types\/post"}],"author":[{"embeddable":true,"href":"https:\/\/blog.bellostes.com\/index.php?rest_route=\/wp\/v2\/users\/1"}],"replies":[{"embeddable":true,"href":"https:\/\/blog.bellostes.com\/index.php?rest_route=%2Fwp%2Fv2%2Fcomments&post=3190"}],"version-history":[{"count":3,"href":"https:\/\/blog.bellostes.com\/index.php?rest_route=\/wp\/v2\/posts\/3190\/revisions"}],"predecessor-version":[{"id":27813,"href":"https:\/\/blog.bellostes.com\/index.php?rest_route=\/wp\/v2\/posts\/3190\/revisions\/27813"}],"wp:attachment":[{"href":"https:\/\/blog.bellostes.com\/index.php?rest_route=%2Fwp%2Fv2%2Fmedia&parent=3190"}],"wp:term":[{"taxonomy":"category","embeddable":true,"href":"https:\/\/blog.bellostes.com\/index.php?rest_route=%2Fwp%2Fv2%2Fcategories&post=3190"},{"taxonomy":"post_tag","embeddable":true,"href":"https:\/\/blog.bellostes.com\/index.php?rest_route=%2Fwp%2Fv2%2Ftags&post=3190"}],"curies":[{"name":"wp","href":"https:\/\/api.w.org\/{rel}","templated":true}]}}