{"id":325,"date":"2007-11-12T16:01:20","date_gmt":"2007-11-12T21:01:20","guid":{"rendered":"https:\/\/blog.bellostes.com\/?p=325"},"modified":"2009-03-06T03:32:35","modified_gmt":"2009-03-06T08:32:35","slug":"arcam-architectuur-centrum-amsterdam","status":"publish","type":"post","link":"https:\/\/blog.bellostes.com\/?p=325","title":{"rendered":"arcam &#8211; architectuur centrum amsterdam"},"content":{"rendered":"<p><img decoding=\"async\" id=\"image326\" src=\"https:\/\/blog.bellostes.com\/media\/arcam%201.png\" alt=\"arcam 1.png\" \/><br \/>\n\u00abarcam\u00bb Centre for Architecture, Amsterdam-Netherlands (2003). Arquitectura, Ren\u00e9 van Zuuk. Fotograf\u00edas, Luuk kramer. (Ver im\u00e1genes del proyecto en <a href=\"http:\/\/www.luukkramer.nl\/en\/index.php?p=werk&amp;cat_id=37\">luukkramer.nl<\/a>)<\/p>\n<p><img decoding=\"async\" id=\"image327\" src=\"https:\/\/blog.bellostes.com\/media\/arcam%202.png\" alt=\"arcam 2.png\" \/><\/p>\n<p>El pabell\u00f3n de \u201cArcan\u201d (centro de arquitectura de Amsterdam) est\u00e1 situado en una parcela de 300m2 y tiene una superficie \u00fatil de 211m2 distribuidos en tres plantas. La planta intermedia se destina a sala de exposiciones, la planta alta para oficinas y la planta baja es un espacio polivalente donde se organizan recepciones, conferencias, etc.<\/p>\n<p>En este proyecto la cubierta y parte de la fachada se funden en una curva \u00fanica, este cerramiento se ha resuelto con un sistema multicapa. Fijado a la estructura portante de acero se extiende una chapa met\u00e1lica grecada, sobre esta el aislante t\u00e9rmico, previa interposici\u00f3n la barrera de vapor  y como acabado exterior el sistema de placas de aluminio <a title=\"cat\u00e1logo en formato pdf\" href=\"http:\/\/www.kalzip.com\/pdf\/ES\/E-Kalzip_Productos-y-Aplicaciones.pdf\">Kalzip-AluPlusZinc<\/a>. El acabado interior se resuelve con paneles de yeso laminado.<\/p>\n<p>+ <a href=\"http:\/\/www.renevanzuuk.nl\/english\/arcam.pdf\">Arcam &#8211; Ren\u00e9 van Zuuk Architekten<\/a> (art\u00edculo del proyecto en formato pdf)<br \/>\n+ <a href=\"http:\/\/www.arcspace.com\/architects\/van_zuuk\/arcam\/arcam.html\">Arcan &#8211; arcspace.com <\/a>(art\u00edculo con fotogarf\u00edas, texto y planos)<br \/>\n+ <a href=\"http:\/\/www.archined.nl\/oem\/reportages\/arcam\/arcam.html\">Arcan &#8211; archined.nl<\/a> (art\u00edculo con fotogarf\u00edas, texto y planos)<br \/>\n+ <a href=\"http:\/\/www.archdaily.com\/15091\/arcam-rene-van-zuuk-architekten\/\">Arcan &#8211; Arch Daily<\/a> (art\u00edculo con fotogarf\u00edas, texto y planos)<\/p>\n<p>En la revista \u00abPasajes-Construcci\u00f3n\u00bb n\u00ba1, hay un art\u00edculo dedicado al proyecto que incluye detalles constructivos.<\/p>\n","protected":false},"excerpt":{"rendered":"<p>\u00abarcam\u00bb Centre for Architecture, Amsterdam-Netherlands (2003). Arquitectura, Ren\u00e9 van Zuuk. Fotograf\u00edas, Luuk kramer. (Ver im\u00e1genes del proyecto en luukkramer.nl) El pabell\u00f3n de \u201cArcan\u201d (centro de arquitectura de Amsterdam) est\u00e1 situado en una parcela de 300m2 y tiene una superficie \u00fatil &hellip; <a href=\"https:\/\/blog.bellostes.com\/?p=325\">Continua leyendo <span class=\"meta-nav\">&raquo;<\/span><\/a><\/p>\n","protected":false},"author":1,"featured_media":0,"comment_status":"open","ping_status":"open","sticky":false,"template":"","format":"standard","meta":{"footnotes":""},"categories":[7,49,37,34],"tags":[],"class_list":["post-325","post","type-post","status-publish","format-standard","hentry","category-arquitects","category-arquitectura-y-aluminio","category-proyectos-espacios-culturales","category-proyectos-micro-equipamientos"],"_links":{"self":[{"href":"https:\/\/blog.bellostes.com\/index.php?rest_route=\/wp\/v2\/posts\/325","targetHints":{"allow":["GET"]}}],"collection":[{"href":"https:\/\/blog.bellostes.com\/index.php?rest_route=\/wp\/v2\/posts"}],"about":[{"href":"https:\/\/blog.bellostes.com\/index.php?rest_route=\/wp\/v2\/types\/post"}],"author":[{"embeddable":true,"href":"https:\/\/blog.bellostes.com\/index.php?rest_route=\/wp\/v2\/users\/1"}],"replies":[{"embeddable":true,"href":"https:\/\/blog.bellostes.com\/index.php?rest_route=%2Fwp%2Fv2%2Fcomments&post=325"}],"version-history":[{"count":0,"href":"https:\/\/blog.bellostes.com\/index.php?rest_route=\/wp\/v2\/posts\/325\/revisions"}],"wp:attachment":[{"href":"https:\/\/blog.bellostes.com\/index.php?rest_route=%2Fwp%2Fv2%2Fmedia&parent=325"}],"wp:term":[{"taxonomy":"category","embeddable":true,"href":"https:\/\/blog.bellostes.com\/index.php?rest_route=%2Fwp%2Fv2%2Fcategories&post=325"},{"taxonomy":"post_tag","embeddable":true,"href":"https:\/\/blog.bellostes.com\/index.php?rest_route=%2Fwp%2Fv2%2Ftags&post=325"}],"curies":[{"name":"wp","href":"https:\/\/api.w.org\/{rel}","templated":true}]}}