{"id":3302,"date":"2009-10-22T03:35:36","date_gmt":"2009-10-22T08:35:36","guid":{"rendered":"https:\/\/blog.bellostes.com\/?p=3302"},"modified":"2014-03-10T19:26:55","modified_gmt":"2014-03-10T18:26:55","slug":"brigida-gonzalez-fotografias-de-arquitectura","status":"publish","type":"post","link":"https:\/\/blog.bellostes.com\/?p=3302","title":{"rendered":"Brigida Gonzalez &#8211; fotograf\u00edas de arquitectura"},"content":{"rendered":"<p><a href=\"https:\/\/blog.bellostes.com\/media\/hofer-wanted-01.png\"><img loading=\"lazy\" decoding=\"async\" width=\"675\" height=\"199\" class=\"alignnone size-full wp-image-3308\" title=\"hofer-wanted-01\" alt=\"\" src=\"https:\/\/blog.bellostes.com\/media\/hofer-wanted-01.png\" srcset=\"https:\/\/blog.bellostes.com\/media\/hofer-wanted-01.png 675w, https:\/\/blog.bellostes.com\/media\/hofer-wanted-01-330x97.png 330w\" sizes=\"auto, (max-width: 675px) 100vw, 675px\" \/><\/a><\/p>\n<p>\u00abHofer Wanted\u00bb exhibition (<a href=\"http:\/\/www.tiroler-landesmuseum.at\/html.php\/de\/tiroler_landesmuseen\">Tiroler Landesmuseum Ferdinandeum<\/a>), Innsbruck &#8211; Austria (2009). Arquitectura, \u00abbueromuenzing designer + architekten bda\u00bb con la colaboraci\u00f3n de \u00ab<a href=\"http:\/\/www.l2m3.com\/index.php?lang=en&amp;key=news&amp;page=1\">L2M3 Kommunikationsdesign<\/a>\u00bb . Fotograf\u00edas, Brigida Gonzalez.<\/p>\n<p>La fot\u00f3grafa \u00abBrigida Gonzales\u00bb muestra en su web, una amplia y variada selecci\u00f3n de reportajes de arquitectura en la que se incluyen proyectos de equipamientos, viviendas, comercios y exposiciones.<\/p>\n<p>+ <a href=\"http:\/\/www.brigidagonzalez.de\/\">Brigida Gonzalez &#8211; reportajes de fotograf\u00edas<\/a><\/p>\n<p><a href=\"https:\/\/blog.bellostes.com\/media\/hofer-wanted.png\"><img loading=\"lazy\" decoding=\"async\" width=\"675\" height=\"201\" class=\"alignnone size-full wp-image-3309\" title=\"hofer-wanted\" alt=\"\" src=\"https:\/\/blog.bellostes.com\/media\/hofer-wanted.png\" srcset=\"https:\/\/blog.bellostes.com\/media\/hofer-wanted.png 675w, https:\/\/blog.bellostes.com\/media\/hofer-wanted-330x98.png 330w\" sizes=\"auto, (max-width: 675px) 100vw, 675px\" \/><\/a><\/p>\n<p>Pod\u00e9is ver mas informaci\u00f3n sobre el dise\u00f1o de la exposici\u00f3n \u00ab<a href=\"http:\/\/www.tiroler-landesmuseum.at\/html.php\/de\/ferdinandeum\/ausstellungen\/24_04_-15_11_09_hofer_wanted\">Hofer Wanted<\/a>\u00bb en:<\/p>\n<p>+ <a href=\"http:\/\/www.bueromuenzing.de\/content.php?n=1&amp;s=51&amp;lan=de&amp;ret=n%3D1%26s%3D1%26d%3D0%26e%3D0%26lan%3Dde\">\u00abHofer Wanted\u00bb exhibition &#8211; bueromuenzing designer + architekten bda<\/a> (descripci\u00f3n y reportaje de fotograf\u00edas)<br \/>\n+ <a href=\"http:\/\/www.brigidagonzalez.de\/\">\u00abHofer Wanted\u00bb exhibition &#8211; Brigida Gonzalez<\/a> (reportaje de fotograf\u00edas, en flash)<\/p>\n","protected":false},"excerpt":{"rendered":"<p>\u00abHofer Wanted\u00bb exhibition (Tiroler Landesmuseum Ferdinandeum), Innsbruck &#8211; Austria (2009). Arquitectura, \u00abbueromuenzing designer + architekten bda\u00bb con la colaboraci\u00f3n de \u00abL2M3 Kommunikationsdesign\u00bb . Fotograf\u00edas, Brigida Gonzalez. La fot\u00f3grafa \u00abBrigida Gonzales\u00bb muestra en su web, una amplia y variada selecci\u00f3n de &hellip; <a href=\"https:\/\/blog.bellostes.com\/?p=3302\">Continua leyendo <span class=\"meta-nav\">&raquo;<\/span><\/a><\/p>\n","protected":false},"author":1,"featured_media":0,"comment_status":"open","ping_status":"open","sticky":false,"template":"","format":"standard","meta":{"footnotes":""},"categories":[7,28,162,8,24],"tags":[130],"class_list":["post-3302","post","type-post","status-publish","format-standard","hentry","category-arquitects","category-arquitectura-y-grafismo","category-diseno-de-espacios-expositivos","category-fotografia","category-exposiciones","tag-exposiciones-2"],"_links":{"self":[{"href":"https:\/\/blog.bellostes.com\/index.php?rest_route=\/wp\/v2\/posts\/3302","targetHints":{"allow":["GET"]}}],"collection":[{"href":"https:\/\/blog.bellostes.com\/index.php?rest_route=\/wp\/v2\/posts"}],"about":[{"href":"https:\/\/blog.bellostes.com\/index.php?rest_route=\/wp\/v2\/types\/post"}],"author":[{"embeddable":true,"href":"https:\/\/blog.bellostes.com\/index.php?rest_route=\/wp\/v2\/users\/1"}],"replies":[{"embeddable":true,"href":"https:\/\/blog.bellostes.com\/index.php?rest_route=%2Fwp%2Fv2%2Fcomments&post=3302"}],"version-history":[{"count":2,"href":"https:\/\/blog.bellostes.com\/index.php?rest_route=\/wp\/v2\/posts\/3302\/revisions"}],"predecessor-version":[{"id":27812,"href":"https:\/\/blog.bellostes.com\/index.php?rest_route=\/wp\/v2\/posts\/3302\/revisions\/27812"}],"wp:attachment":[{"href":"https:\/\/blog.bellostes.com\/index.php?rest_route=%2Fwp%2Fv2%2Fmedia&parent=3302"}],"wp:term":[{"taxonomy":"category","embeddable":true,"href":"https:\/\/blog.bellostes.com\/index.php?rest_route=%2Fwp%2Fv2%2Fcategories&post=3302"},{"taxonomy":"post_tag","embeddable":true,"href":"https:\/\/blog.bellostes.com\/index.php?rest_route=%2Fwp%2Fv2%2Ftags&post=3302"}],"curies":[{"name":"wp","href":"https:\/\/api.w.org\/{rel}","templated":true}]}}